  {"id":1185,"date":"2019-12-09T13:38:20","date_gmt":"2019-12-09T12:38:20","guid":{"rendered":"http:\/\/www.fotoklub-maribor.si\/galerija\/?p=1185"},"modified":"2019-12-30T13:28:08","modified_gmt":"2019-12-30T12:28:08","slug":"ted-oonk-tis-is-not-about-you","status":"publish","type":"post","link":"http:\/\/www.fotoklub-maribor.si\/galerija\/2019\/12\/09\/ted-oonk-tis-is-not-about-you\/","title":{"rendered":"Ted Oonk: TIS IS NOT ABOUT YOU"},"content":{"rendered":"<div>\n<p>\u00a0 Nizozemska fotografinja in vizualna umetnica Ted Oonk se je rodila leta 1987. \u0160tudirala je fotografijo in likovno umetnost na Nizozemskem ter vizualno umetnost v Belgiji. Njeno delo je predstavljeno tako na doma\u010di kot tudi mednarodni ravni. Razstavljala je \u017ee na Nizozemskem, v Belgiji, Zdru\u017eenih dr\u017eavah Amerike in Ju\u017eni Koreji. Oonkino delo je osredoto\u010deno na to, kako prikrivamo in izpostavljamo ranljivosti, standarde in norme v vizualni kulturi. Prav tako s svojimi fotografijami, videi in instalacijami gledalca poziva, naj pozorneje gleda oziroma poslu\u0161a.<\/p>\n<p>Trenutno \u017eivi in ustvarja v Antwerpnu v Belgiji.<\/p>\n<p><em>THIS IS NOT ABOUT YOU<\/em><\/p>\n<p>Zgodba, ki nam jo pripoveduje fotografinja Ted Oonk, je preplet treh vidikov, treh vtisov in treh oseb. Je\u00a0\u010dustvena zgodba njene sestre Pim z Downovim sindromom, ki jo je pri\u010dela fotografirati leta 2005. S fotografijami nas povabi v intimen prostor, ki odkriva mnogo mask tudi nam obiskovalcem. Oonk ne \u017eeli le fotografirati svoje sestre, temve\u010d \u017eeli, da se nam predstavi sama in nam tudi ona skozi fotografski objektiv poka\u017ee, kako vidi svet. Svoj vidik poda tudi mama, saj so predstavljene tudi fotografije iz dru\u017einskih albumov. Ted Oonk se torej ne obremenjuje z avtorstvom del, kljub temu da se bomo verjetno vpra\u0161ali, kdo je avtor dolo\u010dene fotografije. Njena \u017eelja je, da razumemo, da so pomembni vsi vidiki, saj se odra\u017ea v tem trenutku svet, kot ga je videla fotografinja. S tem se pri\u010dneta zdru\u017eevati osebna in socialna zgodovina na na\u010din, da posnetki iz vsakdanjega \u017eivljenja postanejo posredniki dru\u017ebenih odnosov in nas povabijo v intimni svet, k nostalgi\u010dnemu pozivu spominjanja ali zgolj kot preprosto gesto socialne vklju\u010denosti. Ozko gledano so to fotografije o \u017eivljenju z osebo z Downovim sindromom, vendar \u0161ir\u0161e gledano nam odstira vpra\u0161anja o na\u0161ih stereotipih, ranljivostih in dvomih, ki se pojavljajo ob na\u0161i lastni druga\u010dnosti. Na\u0161 pogled na ljudi, ki kakorkoli izstopajo iz dru\u017ebe, je oku\u017een s predsodki, zato nas Oonk postavi v vlogo, da vsa dela dojemamo kot enakovredna ne glede na avtorstvo, \u010detudi je portret nastal izpod maminih, Piminih ali njenih rok ali je to zgolj selfi, ki odra\u017ea, kako\u00a0\u00a0se v tem trenutku vidi Pim ali preprosta fotografija iz dru\u017einskega albuma, ki nas s svojo podobo popelje na nostalgi\u010dno potovanje.<\/p>\n<p>Razstava\u00a0<em>\u00bbthis is not about you\u00ab<\/em>ru\u0161i stereotipna prepri\u010danja in nam dovoli, da vidimo Pim, kot jo vidi fotografinja\u00a0\u00a0sama, torej kot obi\u010dajno, ljubko dekle.<\/p>\n<\/div>\n","protected":false},"excerpt":{"rendered":"<p>\u00a0 Nizozemska fotografinja in vizualna umetnica Ted Oonk se je rodila leta 1987. \u0160tudirala je fotografijo in likovno umetnost na Nizozemskem ter vizualno umetnost v Belgiji. Njeno delo je predstavljeno tako na doma\u010di kot tudi mednarodni ravni. Razstavljala je \u017ee na Nizozemskem, v Belgiji, Zdru\u017eenih dr\u017eavah Amerike in Ju\u017eni Koreji. Oonkino delo je osredoto\u010deno na [&hellip;]<\/p>\n","protected":false},"author":1,"featured_media":0,"comment_status":"closed","ping_status":"closed","sticky":false,"template":"","format":"standard","meta":{"footnotes":""},"categories":[11],"tags":[],"class_list":["post-1185","post","type-post","status-publish","format-standard","hentry","category-razstave"],"_links":{"self":[{"href":"http:\/\/www.fotoklub-maribor.si\/galerija\/wp-json\/wp\/v2\/posts\/1185"}],"collection":[{"href":"http:\/\/www.fotoklub-maribor.si\/galerija\/wp-json\/wp\/v2\/posts"}],"about":[{"href":"http:\/\/www.fotoklub-maribor.si\/galerija\/wp-json\/wp\/v2\/types\/post"}],"author":[{"embeddable":true,"href":"http:\/\/www.fotoklub-maribor.si\/galerija\/wp-json\/wp\/v2\/users\/1"}],"replies":[{"embeddable":true,"href":"http:\/\/www.fotoklub-maribor.si\/galerija\/wp-json\/wp\/v2\/comments?post=1185"}],"version-history":[{"count":4,"href":"http:\/\/www.fotoklub-maribor.si\/galerija\/wp-json\/wp\/v2\/posts\/1185\/revisions"}],"predecessor-version":[{"id":1389,"href":"http:\/\/www.fotoklub-maribor.si\/galerija\/wp-json\/wp\/v2\/posts\/1185\/revisions\/1389"}],"wp:attachment":[{"href":"http:\/\/www.fotoklub-maribor.si\/galerija\/wp-json\/wp\/v2\/media?parent=1185"}],"wp:term":[{"taxonomy":"category","embeddable":true,"href":"http:\/\/www.fotoklub-maribor.si\/galerija\/wp-json\/wp\/v2\/categories?post=1185"},{"taxonomy":"post_tag","embeddable":true,"href":"http:\/\/www.fotoklub-maribor.si\/galerija\/wp-json\/wp\/v2\/tags?post=1185"}],"curies":[{"name":"wp","href":"https:\/\/api.w.org\/{rel}","templated":true}]}}