  {"id":1214,"date":"2019-12-15T13:34:31","date_gmt":"2019-12-15T12:34:31","guid":{"rendered":"http:\/\/www.fotoklub-maribor.si\/galerija\/?p=1214"},"modified":"2019-12-29T21:54:42","modified_gmt":"2019-12-29T20:54:42","slug":"minimnalizem","status":"publish","type":"post","link":"http:\/\/www.fotoklub-maribor.si\/galerija\/2019\/12\/15\/minimnalizem\/","title":{"rendered":"MINIMNALIZEM"},"content":{"rendered":"<div>\n<p>12.12.2019 &#8211; 17.1.2020<\/p>\n<p>Na leto\u0161nji klubski razstavi sodeluje 34 avtorjev Fotokluba Maribor. Skupna to\u010dka razstavljenih fotografij je minimalizem, ki se v fotografiji pojavi \u0161ele v 90. letih prej\u0161njega stoletja. \u010clani Fotokluba Maribor so ga posku\u0161ali dose\u010di na razli\u010dne na\u010dine, nekateri z odvzetjem barve, drugi z motiviko. Ponavljajo\u010di se elementi brazd na njivi Janje Cizelj predstavljajo primer pokrajine; zaporedje opazimo tudi na motiviki arhitekture, konstrukciji mostu, ki ga je misti\u010dno v objektiv zajel Bojan Hajdu. Poleg ponavljanja vzorcev se minimalizem ka\u017ee tudi z izpostavljenim elementom, kar s figuro prika\u017ee tudi Jo\u017ee Marini\u010d. Tako le majhen del\u010dek poda celotno zgodbo oziroma vtis fotografa. Kljub svoji monotonosti manj\u0161i detajli dodajo celotni fotografiji vi\u0161ji pomen, kar prikazuje nagrajena fotografija Zdenka Frange\u017ea. Kompozicijo je gradil s temeljnimi elementi minimalizma, kot so geometrijski liki, igra svetlobe, kontrast med ne\u017enostjo \u017eenskega telesa ter nasi\u010denostjo bele in \u010drne barve. \u010cetudi je predstavljeno golo telo, je avtor razbil klasi\u010dno pojmovanje akta.<\/p>\n<p>\u010clani Fotokluba Maribor so imeli pod \u0161irokim pojmom minimalizma razli\u010dne predstave, kar je razvidno v heterogenosti razstave, ki pa nikakor ne vpliva na kvaliteto, temve\u010d prika\u017ee \u0161irok pojem z ve\u010d zornih kotov.<\/p>\n<p>Za\u010detki minimalizma segajo v \u0161estdeseta leta prej\u0161njega stoletja. Sprva so bila to poenostavljena, stroga kiparska dela, ki so nastajala pod vplivom abstraktnega ekspresionizma. Umetni\u0161ka dela predstavljajo upor proti ameri\u0161ki obsedenosti s tradicionalno evropsko tradicijo in so pogosto sestavljena iz mnogih ponavljajo\u010dih se, enotnih elementov iz industrijskih materialov. Vsak element umetnine je lahko predstavljen tudi samostojno in je ob enem \u0161e vedno celota, saj je konstrukcija umetni\u0161kega dela mno\u017eenje osnovne enote. Minimalisti menijo, da osnovne forme, kot so kvadrat, pravokotnik ali krog pri gledalcu vzbudijo dolo\u010dene emocije in njihova dela pogosto s svojo asketskostjo \u0161e mo\u010dneje vklju\u010dijo obiskovalca razstave.<\/p>\n<p>V Sloveniji so se poskusi minimalizma za\u010deli pojavljati skoraj so\u010dasno. Njihov izraz so prav tako predstavljala poenostavljene geometrijske oblike, ki so na na\u0161em obmo\u010dju predstavljale simbol na\u010drtne, optimisti\u010dne prenove, kar se sklada z razvojem socializma in z dru\u017ebeno klimo v Jugoslaviji. S pojavom minimalizma lahko pove\u017eemo tudi dve umetni\u0161ki skupini Neokonstruktiviste (aktivno delovanje: 1968\u20131972) in OHO (aktivno delovanje: 1966\u20131971).<\/p>\n<\/div>\n","protected":false},"excerpt":{"rendered":"<p>12.12.2019 &#8211; 17.1.2020 Na leto\u0161nji klubski razstavi sodeluje 34 avtorjev Fotokluba Maribor. Skupna to\u010dka razstavljenih fotografij je minimalizem, ki se v fotografiji pojavi \u0161ele v 90. letih prej\u0161njega stoletja. \u010clani Fotokluba Maribor so ga posku\u0161ali dose\u010di na razli\u010dne na\u010dine, nekateri z odvzetjem barve, drugi z motiviko. Ponavljajo\u010di se elementi brazd na njivi Janje Cizelj predstavljajo [&hellip;]<\/p>\n","protected":false},"author":1,"featured_media":1272,"comment_status":"closed","ping_status":"closed","sticky":false,"template":"","format":"standard","meta":{"footnotes":""},"categories":[11],"tags":[],"class_list":["post-1214","post","type-post","status-publish","format-standard","has-post-thumbnail","hentry","category-razstave"],"_links":{"self":[{"href":"http:\/\/www.fotoklub-maribor.si\/galerija\/wp-json\/wp\/v2\/posts\/1214"}],"collection":[{"href":"http:\/\/www.fotoklub-maribor.si\/galerija\/wp-json\/wp\/v2\/posts"}],"about":[{"href":"http:\/\/www.fotoklub-maribor.si\/galerija\/wp-json\/wp\/v2\/types\/post"}],"author":[{"embeddable":true,"href":"http:\/\/www.fotoklub-maribor.si\/galerija\/wp-json\/wp\/v2\/users\/1"}],"replies":[{"embeddable":true,"href":"http:\/\/www.fotoklub-maribor.si\/galerija\/wp-json\/wp\/v2\/comments?post=1214"}],"version-history":[{"count":3,"href":"http:\/\/www.fotoklub-maribor.si\/galerija\/wp-json\/wp\/v2\/posts\/1214\/revisions"}],"predecessor-version":[{"id":1356,"href":"http:\/\/www.fotoklub-maribor.si\/galerija\/wp-json\/wp\/v2\/posts\/1214\/revisions\/1356"}],"wp:featuredmedia":[{"embeddable":true,"href":"http:\/\/www.fotoklub-maribor.si\/galerija\/wp-json\/wp\/v2\/media\/1272"}],"wp:attachment":[{"href":"http:\/\/www.fotoklub-maribor.si\/galerija\/wp-json\/wp\/v2\/media?parent=1214"}],"wp:term":[{"taxonomy":"category","embeddable":true,"href":"http:\/\/www.fotoklub-maribor.si\/galerija\/wp-json\/wp\/v2\/categories?post=1214"},{"taxonomy":"post_tag","embeddable":true,"href":"http:\/\/www.fotoklub-maribor.si\/galerija\/wp-json\/wp\/v2\/tags?post=1214"}],"curies":[{"name":"wp","href":"https:\/\/api.w.org\/{rel}","templated":true}]}}