  {"id":1426,"date":"2020-01-16T08:40:44","date_gmt":"2020-01-16T07:40:44","guid":{"rendered":"http:\/\/www.fotoklub-maribor.si\/galerija\/?p=1426"},"modified":"2020-01-16T08:41:42","modified_gmt":"2020-01-16T07:41:42","slug":"povabilo-k-sodelovanju","status":"publish","type":"post","link":"http:\/\/www.fotoklub-maribor.si\/galerija\/2020\/01\/16\/povabilo-k-sodelovanju\/","title":{"rendered":"POVABILO K SODELOVANJU"},"content":{"rendered":"<h5>Fotogalerija STOLP, vabi k sodelovanju in prijavi, umetnike posameznike in kolektive, ki ustvarjajo na podro\u010dju fotografske umetnosti.<\/h5>\n<div data-block=\"true\" data-editor=\"8gpqf\" data-offset-key=\"4glal-0-0\"><\/div>\n<p data-block=\"true\" data-editor=\"8gpqf\" data-offset-key=\"9l2ge-0-0\">VSEBINA PRIJAVE:<\/p>\n<p data-block=\"true\" data-editor=\"8gpqf\" data-offset-key=\"aicbe-0-0\">\u2013 jasno opredeljen vsebinski koncept projekta,<\/p>\n<p data-block=\"true\" data-editor=\"8gpqf\" data-offset-key=\"p1as-0-0\">\u2013 definiran okvir izvedbe in tehni\u010dni na\u010drt,<\/p>\n<p data-block=\"true\" data-editor=\"8gpqf\" data-offset-key=\"9juen-0-0\">\u2013 navedba avtorjev s kratkim \u017eivljenjepisom, referencami in kopijami objavljenih kritik, katalogov, \u010dasopisnih \u010dlank\u00a0 \u00a0oz. navedbami medijskih objav.<\/p>\n<p data-block=\"true\" data-editor=\"8gpqf\" data-offset-key=\"bb3v9-0-0\">\u2013 fotografsko gradivo v fizi\u010dni ali elektronski obliki,<\/p>\n<p data-block=\"true\" data-editor=\"8gpqf\" data-offset-key=\"9n8vs-0-0\">\u2013 navedba kontaktov (ime in priimek, elektronska po\u0161ta, mobilna tel. \u0161t.).<\/p>\n<div data-block=\"true\" data-editor=\"8gpqf\" data-offset-key=\"59g0h-0-0\">\n<p class=\"_1mf _1mj\" data-offset-key=\"59g0h-0-0\"><span data-offset-key=\"59g0h-0-0\">Prijave po\u0161ljete le v fizi\u010dni obliki na naslov:<\/span><\/p>\n<\/div>\n<p data-block=\"true\" data-editor=\"8gpqf\" data-offset-key=\"6hjk5-0-0\">Fotoklub Maribor,\u00a0P.P. 1512,\u00a0SI \u2013 2001 Maribor<\/p>\n<p data-block=\"true\" data-editor=\"8gpqf\" data-offset-key=\"b89mq-0-0\">ali elektronski na: <a href=\"mailto:GALERIJASTOLP@GMAIL.COM\" target=\"_blank\" rel=\"noopener noreferrer\">galerijastolp@gmail.com<\/a><\/p>\n<div data-block=\"true\" data-editor=\"8gpqf\" data-offset-key=\"asaqa-0-0\">\n<p class=\"_1mf _1mj\" data-offset-key=\"asaqa-0-0\">ROK: 1.10.2020<\/p>\n<\/div>\n<p data-block=\"true\" data-editor=\"8gpqf\" data-offset-key=\"eqo92-0-0\">Fotoklub Maribor kot krovni organizator galerijske dejavnosti v Fotogaleriji STOLP, pri pripravi projektov prispevamo:<\/p>\n<p data-block=\"true\" data-editor=\"8gpqf\" data-offset-key=\"b5r9g-0-0\">\u2013 galerijski prostor v \u010dasu razstave z vsemi obratovalnimi stro\u0161ki,<\/p>\n<p data-block=\"true\" data-editor=\"8gpqf\" data-offset-key=\"d18nr-0-0\">\u2013 varovanje razstave,<\/p>\n<p data-block=\"true\" data-editor=\"8gpqf\" data-offset-key=\"dkaa8-0-0\">\u2013 osnovno tehni\u010dno pomo\u010d pri postavitvi \u017ee pripravljenega in tehni\u010dno na\u010drtovanega projekta,<\/p>\n<p data-block=\"true\" data-editor=\"8gpqf\" data-offset-key=\"2qg1o-0-0\">\u2013 izposojo tehni\u010dne opreme v okviru razpolo\u017eljivih mo\u017enosti,<\/p>\n<p data-block=\"true\" data-editor=\"8gpqf\" data-offset-key=\"6vdsd-0-0\">\u2013 promocijo razstave v sodelovanju s producentom,<\/p>\n<p data-block=\"true\" data-editor=\"8gpqf\" data-offset-key=\"241ht-0-0\">\u2013 oblikovanje in tiskanje zgibanke, vabila, plakata.<\/p>\n<p data-block=\"true\" data-editor=\"8gpqf\" data-offset-key=\"3vrpb-0-0\">\u2013 odprtje razstave z manj\u0161o pogostitvijo,<\/p>\n<div data-block=\"true\" data-editor=\"8gpqf\" data-offset-key=\"aasfq-0-0\">\n<p class=\"_1mf _1mj\" data-offset-key=\"aasfq-0-0\">\u2013 potrditev referenc in izdajanje izjav o sodelovanju pri prijavah na razpise za zbiranje sredstev izvajalca projekta. Z izbranimi avtorji bo sklenjena pogodba o razstavljanju in sodelovanju.<\/p>\n<\/div>\n<div data-block=\"true\" data-editor=\"8gpqf\" data-offset-key=\"688gd-0-0\">\n<p class=\"_1mf _1mj\" data-offset-key=\"688gd-0-0\">Pridr\u017eujemo si pravico do neupo\u0161tevanja nepopolnih prijav in zavrnitve predlaganih projektov brez dodatnega vsebinskega pojasnila.<\/p>\n<\/div>\n","protected":false},"excerpt":{"rendered":"<p>Fotogalerija STOLP, vabi k sodelovanju in prijavi, umetnike posameznike in kolektive, ki ustvarjajo na podro\u010dju fotografske umetnosti. VSEBINA PRIJAVE: \u2013 jasno opredeljen vsebinski koncept projekta, \u2013 definiran okvir izvedbe in tehni\u010dni na\u010drt, \u2013 navedba avtorjev s kratkim \u017eivljenjepisom, referencami in kopijami objavljenih kritik, katalogov, \u010dasopisnih \u010dlank\u00a0 \u00a0oz. navedbami medijskih objav. \u2013 fotografsko gradivo v fizi\u010dni [&hellip;]<\/p>\n","protected":false},"author":2,"featured_media":0,"comment_status":"closed","ping_status":"closed","sticky":false,"template":"","format":"standard","meta":{"footnotes":""},"categories":[57,59],"tags":[],"class_list":["post-1426","post","type-post","status-publish","format-standard","hentry","category-novice","category-novice-sl"],"_links":{"self":[{"href":"http:\/\/www.fotoklub-maribor.si\/galerija\/wp-json\/wp\/v2\/posts\/1426"}],"collection":[{"href":"http:\/\/www.fotoklub-maribor.si\/galerija\/wp-json\/wp\/v2\/posts"}],"about":[{"href":"http:\/\/www.fotoklub-maribor.si\/galerija\/wp-json\/wp\/v2\/types\/post"}],"author":[{"embeddable":true,"href":"http:\/\/www.fotoklub-maribor.si\/galerija\/wp-json\/wp\/v2\/users\/2"}],"replies":[{"embeddable":true,"href":"http:\/\/www.fotoklub-maribor.si\/galerija\/wp-json\/wp\/v2\/comments?post=1426"}],"version-history":[{"count":2,"href":"http:\/\/www.fotoklub-maribor.si\/galerija\/wp-json\/wp\/v2\/posts\/1426\/revisions"}],"predecessor-version":[{"id":1429,"href":"http:\/\/www.fotoklub-maribor.si\/galerija\/wp-json\/wp\/v2\/posts\/1426\/revisions\/1429"}],"wp:attachment":[{"href":"http:\/\/www.fotoklub-maribor.si\/galerija\/wp-json\/wp\/v2\/media?parent=1426"}],"wp:term":[{"taxonomy":"category","embeddable":true,"href":"http:\/\/www.fotoklub-maribor.si\/galerija\/wp-json\/wp\/v2\/categories?post=1426"},{"taxonomy":"post_tag","embeddable":true,"href":"http:\/\/www.fotoklub-maribor.si\/galerija\/wp-json\/wp\/v2\/tags?post=1426"}],"curies":[{"name":"wp","href":"https:\/\/api.w.org\/{rel}","templated":true}]}}