  {"id":1528,"date":"2020-06-01T08:46:28","date_gmt":"2020-06-01T07:46:28","guid":{"rendered":"http:\/\/www.fotoklub-maribor.si\/galerija\/?p=1528"},"modified":"2020-06-03T13:25:42","modified_gmt":"2020-06-03T12:25:42","slug":"napovedujemo-2","status":"publish","type":"post","link":"http:\/\/www.fotoklub-maribor.si\/galerija\/2020\/06\/01\/napovedujemo-2\/","title":{"rendered":"Marko Vogri\u010d: STOLETNE PRI\u010cE"},"content":{"rendered":"<p>10. junij &#8211; 11. julij 2020<\/p>\n<p>Razstava fotografij Marka Vogri\u010da: STOLETNE PRI\u010cE<\/p>\n<p>V vsakdanjem \u017eivljenju se sre\u010dujemo s fotografijami in smo mo\u010dno odvisni od njih, saj nam posredujejo \u0161tevilne informacije in \u010dustva. Brez njih v<span class=\"Apple-converted-space\">\u00a0<\/span><\/p>\n<p>sodobni dru\u017ebi sploh ne bi mogli govoriti o komunikaciji. Pomen fotografij, njihova sporo\u010dilnost, vizualna prepri\u010dljivost podob in njihova vrednost kot predmet; vse to je odvisno od kontekstov, v katerih fotografije nastanejo in v katerih te podobe beremo.<\/p>\n<p>John Berger je o pomembnosti vida razmi\u0161ljal takole: <i>\u00bbVid je pred besedami. Otrok gleda in prepoznava, preden je sposoben govoriti. Vendar obstaja \u0161e en pomen tega, da je vid pred besedami. Vid osnuje na\u0161e mesto v svetu, ki nas obkro\u017ea; ta svet si razlagamo z besedami, vendar besede nikoli ne morejo prese\u010di dejstva, da nas svet obkro\u017ea. Odnos med tistim, kar vidimo, in tistim, kar vemo, ni nikoli ustaljen.\u00ab <\/i>To velja \u0161e posebej za fotografije, \u010digar pomen je lahko raznovrsten in dolo\u010den z razmerami okolja in \u010dasa.<\/p>\n<p>Danes smo tako preplavljeni z vojnimi in krutimi fotografijami, z<span class=\"Apple-converted-space\">\u00a0<\/span><\/p>\n<p>vsakodnevnim nasiljem in trpljenjem, s tem pa izgubljamo sposobnost odzivanja. Dela Marka Vogri\u010da sicer ne spadajo v kontekst vojne ali<span class=\"Apple-converted-space\">\u00a0<\/span><\/p>\n<p>dokumentarne fotografije, \u010deprav so tesno povezana z dogajanjem prve svetovne vojne. So torej sad procesa, ki zaobjema avtorjevo ustvarjanje, raziskovanje in intelektualno poglobitev. Fotografije \u0161irijo aromo krajev in spominov, di\u0161ijo kot de\u017e. Delujejo kot stare podobe s \u010drno-belimi sencami, ki predstavljajo prostor in dogajanja v\u010deraj, danes in jutri. Vogri\u010d, umetnik, ki i\u0161\u010de in ustvari podobe ter nam razlaga stvarnost skozi prizmo osebne resni\u010dnosti. Zaveda se, da bo opazoval\u010devo oko sku\u0161alo razvozlati to igro svetlobe, razumeti njeno govorico in razbrati sporo\u010dilnost fotografij prav tako, kot razbiramo pomen besed, da bi razumeli jezik.<\/p>\n<p>Vogri\u010deve fotografije so proizvod umetnika, so predmet, ki ga je naredil \u010dlovek s pomo\u010djo posebnega aparata oz. s posebnim postopkom<span class=\"Apple-converted-space\">\u00a0<\/span><\/p>\n<p>ustvarjanja, pravzaprav gre za \u201cfotografije brez fotoaparata\u201d. Vogri\u010d je prete\u017eno uporabil pinhole kamero (camero obscuro), ki dovoljuje, da imajo nastale podobe poseben \u010dar. Take fotografije, ki so videti v sodobni, teko\u010di dru\u017ebi skoraj paradoksalne, stopnjujejo meditativno opazovanje, s tem pa omogo\u010dajo vzpostavitev \u010dustvene povezave med fotografom,<span class=\"Apple-converted-space\">\u00a0<\/span><\/p>\n<p>fotografijami in obiskovalcem.<\/p>\n<p>Nastala dela tako ne slu\u017eijo samo opazovanju ne\u010desa zanimivega, temve\u010d sku\u0161ajo biti prodorna, posredujejo odgovore in nauke ter silijo k premisleku, refleksiji in izrazu \u010dustev.<\/p>\n<p>Robi Jakomin<\/p>\n<p>&nbsp;<\/p>\n<p><span class=\"Apple-converted-space\">\u00a0<\/span>Marko Vogri\u010d:<\/p>\n<p>Rodil se je leta 1961 v Gorici, kjer \u017eivi z dru\u017eino, po poklicu je elektronski<span class=\"Apple-converted-space\">\u00a0<\/span><\/p>\n<p>in\u017eenir. V svet fotografije ga je vpeljal od malega o\u010de Zdenko. V 80. letih se je v\u010dlanil v Fotoklub Skupina75, aktivneje fotografira od leta 2000, trenutno je njen podpredsednik. Prete\u017eno ustvarja v \u010drnobeli analogni tehniki s<span class=\"Apple-converted-space\">\u00a0<\/span><\/p>\n<p>camero obscuro (pinhole camera), s katero najpogosteje snema iz zanj zna\u010dilne \u201cmi\u0161je perspektive\u201d. Uporablja tudi vintage fotoaparate vseh formatov, s katerimi preizku\u0161a tudi nekonvencionalne tehnike (cross process). Tehnika pove\u010dav je prete\u017eno tradicionalna na \u017eelatinski srebrobromidni papir. Svoje raziskovanje je obogatil z anti\u010dnimi tehnikami tiska (Cianotipija, Van Dyke brown itd.).<\/p>\n<p>Ob sodelovanju pri razstavah in nate\u010dajih je bil od leta 2004 soavtor<span class=\"Apple-converted-space\">\u00a0<\/span><\/p>\n<p>fotografskega dela raznih knji\u017enih publikacij (Poslikave Toneta Kralja v cerkvi v Pevmi (2004), Od Timave do Idrije (2005), Drobtinice iz gori\u0161kih \u0161eg in navad (2007), Gorica, vodnik po mestu (2008) ); posebna omemba<span class=\"Apple-converted-space\">\u00a0<\/span><\/p>\n<p>velja umetni\u0161ki fotografski spremljavi poezij pesnice Claudie Voncina v zbirki Mosaico \u2013 Mozaik (2006) in zamisel platnice za knjigo Emozioni iste avtorice (2017). Opremil je stenski koledar in prispeval fotografije za koledarski del zbornika Gori\u0161ke Mohorjeve dru\u017ebe za leto 2018.<\/p>\n<p>&nbsp;<\/p>\n<p>&nbsp;<\/p>\n","protected":false},"excerpt":{"rendered":"<p>10. junij &#8211; 11. julij 2020 Razstava fotografij Marka Vogri\u010da: STOLETNE PRI\u010cE V vsakdanjem \u017eivljenju se sre\u010dujemo s fotografijami in smo mo\u010dno odvisni od njih, saj nam posredujejo \u0161tevilne informacije in \u010dustva. Brez njih v\u00a0 sodobni dru\u017ebi sploh ne bi mogli govoriti o komunikaciji. Pomen fotografij, njihova sporo\u010dilnost, vizualna prepri\u010dljivost podob in njihova vrednost kot [&hellip;]<\/p>\n","protected":false},"author":2,"featured_media":1529,"comment_status":"closed","ping_status":"closed","sticky":false,"template":"","format":"standard","meta":{"footnotes":""},"categories":[46,57,11],"tags":[],"class_list":["post-1528","post","type-post","status-publish","format-standard","has-post-thumbnail","hentry","category-aktualne-razstave","category-novice","category-razstave"],"_links":{"self":[{"href":"http:\/\/www.fotoklub-maribor.si\/galerija\/wp-json\/wp\/v2\/posts\/1528"}],"collection":[{"href":"http:\/\/www.fotoklub-maribor.si\/galerija\/wp-json\/wp\/v2\/posts"}],"about":[{"href":"http:\/\/www.fotoklub-maribor.si\/galerija\/wp-json\/wp\/v2\/types\/post"}],"author":[{"embeddable":true,"href":"http:\/\/www.fotoklub-maribor.si\/galerija\/wp-json\/wp\/v2\/users\/2"}],"replies":[{"embeddable":true,"href":"http:\/\/www.fotoklub-maribor.si\/galerija\/wp-json\/wp\/v2\/comments?post=1528"}],"version-history":[{"count":3,"href":"http:\/\/www.fotoklub-maribor.si\/galerija\/wp-json\/wp\/v2\/posts\/1528\/revisions"}],"predecessor-version":[{"id":1536,"href":"http:\/\/www.fotoklub-maribor.si\/galerija\/wp-json\/wp\/v2\/posts\/1528\/revisions\/1536"}],"wp:featuredmedia":[{"embeddable":true,"href":"http:\/\/www.fotoklub-maribor.si\/galerija\/wp-json\/wp\/v2\/media\/1529"}],"wp:attachment":[{"href":"http:\/\/www.fotoklub-maribor.si\/galerija\/wp-json\/wp\/v2\/media?parent=1528"}],"wp:term":[{"taxonomy":"category","embeddable":true,"href":"http:\/\/www.fotoklub-maribor.si\/galerija\/wp-json\/wp\/v2\/categories?post=1528"},{"taxonomy":"post_tag","embeddable":true,"href":"http:\/\/www.fotoklub-maribor.si\/galerija\/wp-json\/wp\/v2\/tags?post=1528"}],"curies":[{"name":"wp","href":"https:\/\/api.w.org\/{rel}","templated":true}]}}