  {"id":1540,"date":"2020-10-24T10:50:30","date_gmt":"2020-10-24T09:50:30","guid":{"rendered":"http:\/\/www.fotoklub-maribor.si\/galerija\/?p=1540"},"modified":"2020-10-24T10:50:30","modified_gmt":"2020-10-24T09:50:30","slug":"razstava-skozi-okno-%d0%b0%d0%bb%d0%b5%d0%ba%d1%81%d0%b0%d0%bd%d0%b4%d1%80-%d0%bf%d0%b5%d1%82%d1%80%d0%be%d1%81%d1%8f%d0%bd","status":"publish","type":"post","link":"http:\/\/www.fotoklub-maribor.si\/galerija\/2020\/10\/24\/razstava-skozi-okno-%d0%b0%d0%bb%d0%b5%d0%ba%d1%81%d0%b0%d0%bd%d0%b4%d1%80-%d0%bf%d0%b5%d1%82%d1%80%d0%be%d1%81%d1%8f%d0%bd\/","title":{"rendered":"Razstava skozi okno: \u0410\u043b\u0435\u043a\u0441\u0430\u043d\u0434\u0440 \u041f\u0435\u0442\u0440\u043e\u0441\u044f\u043d"},"content":{"rendered":"<div dir=\"auto\">Obve\u0161\u010damo vas, da je zaradi ukrepov vlade za zajezitev \u0161irjenja virusa Covid 19, Fotogalerija Galerija Stolp do nadaljnega zaprta.<\/div>\n<div dir=\"auto\"><\/div>\n<div dir=\"auto\">Na displeju galerije pa je na ogled fantasti\u010dna virualna razstava Ruskega fotografa \u0410\u043b\u0435\u043a\u0441\u0430\u043d\u0434\u0440 \u041f\u0435\u0442\u0440\u043e\u0441\u044f\u043d. Vabljeni k ogledu.<\/div>\n","protected":false},"excerpt":{"rendered":"<p>Obve\u0161\u010damo vas, da je zaradi ukrepov vlade za zajezitev \u0161irjenja virusa Covid 19, Fotogalerija Galerija Stolp do nadaljnega zaprta. Na displeju galerije pa je na ogled fantasti\u010dna virualna razstava Ruskega fotografa \u0410\u043b\u0435\u043a\u0441\u0430\u043d\u0434\u0440 \u041f\u0435\u0442\u0440\u043e\u0441\u044f\u043d. Vabljeni k ogledu.<\/p>\n","protected":false},"author":2,"featured_media":1541,"comment_status":"closed","ping_status":"closed","sticky":false,"template":"","format":"standard","meta":{"footnotes":""},"categories":[57,11],"tags":[],"class_list":["post-1540","post","type-post","status-publish","format-standard","has-post-thumbnail","hentry","category-novice","category-razstave"],"_links":{"self":[{"href":"http:\/\/www.fotoklub-maribor.si\/galerija\/wp-json\/wp\/v2\/posts\/1540"}],"collection":[{"href":"http:\/\/www.fotoklub-maribor.si\/galerija\/wp-json\/wp\/v2\/posts"}],"about":[{"href":"http:\/\/www.fotoklub-maribor.si\/galerija\/wp-json\/wp\/v2\/types\/post"}],"author":[{"embeddable":true,"href":"http:\/\/www.fotoklub-maribor.si\/galerija\/wp-json\/wp\/v2\/users\/2"}],"replies":[{"embeddable":true,"href":"http:\/\/www.fotoklub-maribor.si\/galerija\/wp-json\/wp\/v2\/comments?post=1540"}],"version-history":[{"count":1,"href":"http:\/\/www.fotoklub-maribor.si\/galerija\/wp-json\/wp\/v2\/posts\/1540\/revisions"}],"predecessor-version":[{"id":1543,"href":"http:\/\/www.fotoklub-maribor.si\/galerija\/wp-json\/wp\/v2\/posts\/1540\/revisions\/1543"}],"wp:featuredmedia":[{"embeddable":true,"href":"http:\/\/www.fotoklub-maribor.si\/galerija\/wp-json\/wp\/v2\/media\/1541"}],"wp:attachment":[{"href":"http:\/\/www.fotoklub-maribor.si\/galerija\/wp-json\/wp\/v2\/media?parent=1540"}],"wp:term":[{"taxonomy":"category","embeddable":true,"href":"http:\/\/www.fotoklub-maribor.si\/galerija\/wp-json\/wp\/v2\/categories?post=1540"},{"taxonomy":"post_tag","embeddable":true,"href":"http:\/\/www.fotoklub-maribor.si\/galerija\/wp-json\/wp\/v2\/tags?post=1540"}],"curies":[{"name":"wp","href":"https:\/\/api.w.org\/{rel}","templated":true}]}}