  {"id":1736,"date":"2022-10-18T14:48:22","date_gmt":"2022-10-18T13:48:22","guid":{"rendered":"http:\/\/www.fotoklub-maribor.si\/galerija\/?p=1736"},"modified":"2025-02-23T22:00:41","modified_gmt":"2025-02-23T21:00:41","slug":"maja-simenc-resnicnost-v-vmesnem-prostoru","status":"publish","type":"post","link":"http:\/\/www.fotoklub-maribor.si\/galerija\/2022\/10\/18\/maja-simenc-resnicnost-v-vmesnem-prostoru\/","title":{"rendered":"Maja \u0160imenc &#8211; Resni\u010dnost v vmesnem prostoru"},"content":{"rendered":"<p style=\"font-weight: 400\">Fotografije Maje \u0160imenc izkazujejo predvsem te\u017enjo po redefiniciji fotografiranja narave. Gibljejo se nekje med mehkim, pravlji\u010dnim fokusom in unikatno surovostjo ter navidezno, namerno nedodelanostjo. Pritegne nas nihanje med skoraj misti\u010dnim vzdu\u0161jem, ustvarjenim prek prelivanja svetlobe in sence v mehkem fokusu, spominjajo\u010dim na Julio Margaret Cameron, in ostrimi linijami, ki ne ciljajo k tehni\u010dni popolnosti. Piet Mondrian je zapisal: \u00bbZavemo se, da so v naravi vse povezave dominirane z eno samo \u00a0prvinsko povezavo, ki je definirana z opozicijo dveh ekstremov \/\u2026\/ Ta pozicijska povezava je najbolj uravnove\u0161ena od vseh, saj izrazi popolno harmonijo, povezavo med dvema ekstremoma in vsebuje vse druge povezave.\u00ab <a href=\"\/\/730F7A11-82C7-4288-8454-4B540FC185EB#_ftn1\" name=\"_ftnref1\">[1]<\/a> In prav to grajenje zgodbe med dvema nasprotnima poloma je prisotno v fotografiji Maje \u0160imenc. Fotografinja cilja k intimnim sre\u010danjem z naravo in v podobah vidi obuditev mo\u010di in volje po \u017eivljenju, skozi starodavni boj med temo in svetlobo, ki je omogo\u010den s popolno odpovedjo barvi, ki bi na\u0161o percepcijo zamotila pri odkrivanju bistvenega. V \u010dasu, ko je bilo fotografirano \u017ee skorajda vse, je te\u017eko ponuditi vizijo sveta, ki ne bi bil digitalno prirejen in fantazijski, a bi vseeno postal vpliven, bil zanimiv za gledalca in zmo\u017een spro\u017eiti pomensko impresijo. To je v primeru fotografij umetnice dose\u017eeno z izmenjavanjem tehni\u010dnih pristopov in jasno obarvanostjo s kontekstom, ki te\u017ei predvsem k avtenti\u010dnosti in vra\u010danju k rudimentarnemu. Kljub temu pa je resni\u010dnost v dovolj\u0161ni meri zaznamovana z upo\u0161tevanjem nians resni\u010dnosti, ki je vedno resni\u010dna do mere, do katere je tudi interpretirana. Avtorica zatorej izra\u017eene pravlji\u010dne atmosfere obravnava enakovredno bolj iz\u010di\u0161\u010deno prikazanim vizualnim podobam. Po Ernstu Gombrichu ni \u00bbnobene nespremenljive korelacije med vidnim svetom in svetom na\u0161e vizualne izku\u0161nje. Vedno je prisoten vpliv predhodnih izku\u0161enj in pri\u010dakovanj, spremenljivk interesa, mentalitete, variacij v gledal\u010devi psiholo\u0161ki opremljenosti in prilagoditvi zaznavnega sistema spremenljivim se pogojem.\u00ab<a href=\"\/\/730F7A11-82C7-4288-8454-4B540FC185EB#_ftn2\" name=\"_ftnref2\">[2]<\/a>. Potemtakem moramo k tem fotografijam pristopiti z razumevanjem neizogibno izrazito emocionalnega dojemanja podob, ki so vseprisotne v na\u0161em dnevnem konzumiranju sveta, saj so z dvojnim prevodom podobe najprej interpretirane s strani umetnice, nato pa \u0161e s strani gledalca. Sama vizualna podoba korenine ne nosi pomena korenine same, temve\u010d na\u0161o simbolno navezavo na \u010drpanje iz zemlje, iz globin na\u0161e psihe, iz same izvorne to\u010dke \u010dloveka. Povezanost z naravo, \u010da\u0161\u010deno od nekdaj, idealizirano tako s strani razsvetljencev kot tudi sodobnega \u010dloveka je tema, ki se ji ne moremo izogniti, saj je vtkana v samo bit na\u0161ega bivanja. Avtorica pa ne \u017eeli idealizirati, pravzaprav se temu izogiba, vseeno pa \u017eeli obuditi spomin na temelje \u010dloveka, ki so v enakomerni meri domi\u0161ljijski in subjektivni kot tudi racionalni in analiti\u010dni. Ob ogledu fotografij smo postavljeni v vlogo opazovalca, ki mora preklapljati med razli\u010dnimi perspektivami in stali\u0161\u010di do vizualnih podob, a z intuitivno zasnovano pripovednostjo nam umetnica omogo\u010di, da je vpogled podan neobremenjeno, resni\u010dnost pa najdena v vmesnem prostoru.<\/p>\n<p><a href=\"\/\/730F7A11-82C7-4288-8454-4B540FC185EB#_ftnref1\" name=\"_ftn1\">[1]<\/a> Mary ACTON, <em>Learning to Look at Paintings<\/em>, New York, 2009, str. 165.<\/p>\n<p><a href=\"\/\/730F7A11-82C7-4288-8454-4B540FC185EB#_ftnref2\" name=\"_ftn2\">[2]<\/a> Branko MITROCI\u0106, Visuality After Gombrich: the Innocence of the Eye and Modern Research in the Philosophy and Psychology of Perception, <em>Zeitschrift f\u00fcr Kunstgeschichte<\/em> 76, 2013, str. 73.<\/p>\n<p>&nbsp;<\/p>\n<p>Sara Nu\u0161a Grabner Golob<\/p>\n<p>&nbsp;<\/p>\n<p>&nbsp;<\/p>\n","protected":false},"excerpt":{"rendered":"<p>Fotografije Maje \u0160imenc izkazujejo predvsem te\u017enjo po redefiniciji fotografiranja narave. Gibljejo se nekje med mehkim, pravlji\u010dnim fokusom in unikatno surovostjo ter navidezno, namerno nedodelanostjo. Pritegne nas nihanje med skoraj misti\u010dnim vzdu\u0161jem, ustvarjenim prek prelivanja svetlobe in sence v mehkem fokusu, spominjajo\u010dim na Julio Margaret Cameron, in ostrimi linijami, ki ne ciljajo k tehni\u010dni popolnosti. Piet [&hellip;]<\/p>\n","protected":false},"author":2,"featured_media":1737,"comment_status":"closed","ping_status":"closed","sticky":false,"template":"","format":"standard","meta":{"footnotes":""},"categories":[46,57,11],"tags":[],"class_list":["post-1736","post","type-post","status-publish","format-standard","has-post-thumbnail","hentry","category-aktualne-razstave","category-novice","category-razstave"],"_links":{"self":[{"href":"http:\/\/www.fotoklub-maribor.si\/galerija\/wp-json\/wp\/v2\/posts\/1736"}],"collection":[{"href":"http:\/\/www.fotoklub-maribor.si\/galerija\/wp-json\/wp\/v2\/posts"}],"about":[{"href":"http:\/\/www.fotoklub-maribor.si\/galerija\/wp-json\/wp\/v2\/types\/post"}],"author":[{"embeddable":true,"href":"http:\/\/www.fotoklub-maribor.si\/galerija\/wp-json\/wp\/v2\/users\/2"}],"replies":[{"embeddable":true,"href":"http:\/\/www.fotoklub-maribor.si\/galerija\/wp-json\/wp\/v2\/comments?post=1736"}],"version-history":[{"count":2,"href":"http:\/\/www.fotoklub-maribor.si\/galerija\/wp-json\/wp\/v2\/posts\/1736\/revisions"}],"predecessor-version":[{"id":2036,"href":"http:\/\/www.fotoklub-maribor.si\/galerija\/wp-json\/wp\/v2\/posts\/1736\/revisions\/2036"}],"wp:featuredmedia":[{"embeddable":true,"href":"http:\/\/www.fotoklub-maribor.si\/galerija\/wp-json\/wp\/v2\/media\/1737"}],"wp:attachment":[{"href":"http:\/\/www.fotoklub-maribor.si\/galerija\/wp-json\/wp\/v2\/media?parent=1736"}],"wp:term":[{"taxonomy":"category","embeddable":true,"href":"http:\/\/www.fotoklub-maribor.si\/galerija\/wp-json\/wp\/v2\/categories?post=1736"},{"taxonomy":"post_tag","embeddable":true,"href":"http:\/\/www.fotoklub-maribor.si\/galerija\/wp-json\/wp\/v2\/tags?post=1736"}],"curies":[{"name":"wp","href":"https:\/\/api.w.org\/{rel}","templated":true}]}}