  {"id":1745,"date":"2022-11-08T06:48:26","date_gmt":"2022-11-08T05:48:26","guid":{"rendered":"http:\/\/www.fotoklub-maribor.si\/galerija\/?p=1745"},"modified":"2022-12-29T19:48:47","modified_gmt":"2022-12-29T18:48:47","slug":"program-razstav-2023","status":"publish","type":"post","link":"http:\/\/www.fotoklub-maribor.si\/galerija\/2022\/11\/08\/program-razstav-2023\/","title":{"rendered":"PROGRAM RAZSTAV 2023"},"content":{"rendered":"<table style=\"font-weight: 400\">\n<tbody>\n<tr>\n<td width=\"104\">15.1.<\/td>\n<td width=\"467\">Fotoklub Split<\/td>\n<\/tr>\n<tr>\n<td width=\"104\">17.2. \u2013 17.3.<\/td>\n<td width=\"467\">Fadil \u0160arki,<\/td>\n<\/tr>\n<tr>\n<td width=\"104\">20. 3.<\/td>\n<td width=\"467\">Ur\u0161ka Pe\u010dnik<\/td>\n<\/tr>\n<tr>\n<td width=\"104\">15.4.<\/td>\n<td width=\"467\">Festival oblikovanja 2023<\/td>\n<\/tr>\n<tr>\n<td width=\"104\">26.4.<\/td>\n<td width=\"467\">Fotografija ex yu<\/td>\n<\/tr>\n<tr>\n<td width=\"104\">24.5.<\/td>\n<td width=\"467\">NovaF &#8211; edicija 2023<\/td>\n<\/tr>\n<tr>\n<td width=\"104\">5.7.<\/td>\n<td width=\"467\">Borut Peterlin,<\/td>\n<\/tr>\n<tr>\n<td width=\"104\">9.8<\/td>\n<td width=\"467\"><strong><em>Odnosi, <\/em><\/strong><\/td>\n<\/tr>\n<tr>\n<td width=\"104\">13.9<\/td>\n<td width=\"467\">FESTIVAL fotografije,<\/td>\n<\/tr>\n<tr>\n<td width=\"104\">4.10 ali 10.10.<\/td>\n<td width=\"467\">Gero Angleitner \u2013 retrospektiva:<\/td>\n<\/tr>\n<tr>\n<td width=\"104\">15.11.<\/td>\n<td width=\"467\">Bojan Hajdu<\/td>\n<\/tr>\n<tr>\n<td width=\"104\">13.12<\/td>\n<td width=\"467\">Fotoklub Maribor \u2013 BEST OFF<\/td>\n<\/tr>\n<tr>\n<td width=\"104\">&nbsp;<\/td>\n<td width=\"467\">&nbsp;<\/td>\n<\/tr>\n<\/tbody>\n<\/table>\n","protected":false},"excerpt":{"rendered":"<p>15.1. Fotoklub Split 17.2. \u2013 17.3. Fadil \u0160arki, 20. 3. Ur\u0161ka Pe\u010dnik 15.4. Festival oblikovanja 2023 26.4. Fotografija ex yu 24.5. NovaF &#8211; edicija 2023 5.7. Borut Peterlin, 9.8 Odnosi, 13.9 FESTIVAL fotografije, 4.10 ali 10.10. Gero Angleitner \u2013 retrospektiva: 15.11. Bojan Hajdu 13.12 Fotoklub Maribor \u2013 BEST OFF &nbsp; &nbsp;<\/p>\n","protected":false},"author":2,"featured_media":0,"comment_status":"closed","ping_status":"closed","sticky":false,"template":"","format":"standard","meta":{"footnotes":""},"categories":[57,59],"tags":[],"class_list":["post-1745","post","type-post","status-publish","format-standard","hentry","category-novice","category-novice-sl"],"_links":{"self":[{"href":"http:\/\/www.fotoklub-maribor.si\/galerija\/wp-json\/wp\/v2\/posts\/1745"}],"collection":[{"href":"http:\/\/www.fotoklub-maribor.si\/galerija\/wp-json\/wp\/v2\/posts"}],"about":[{"href":"http:\/\/www.fotoklub-maribor.si\/galerija\/wp-json\/wp\/v2\/types\/post"}],"author":[{"embeddable":true,"href":"http:\/\/www.fotoklub-maribor.si\/galerija\/wp-json\/wp\/v2\/users\/2"}],"replies":[{"embeddable":true,"href":"http:\/\/www.fotoklub-maribor.si\/galerija\/wp-json\/wp\/v2\/comments?post=1745"}],"version-history":[{"count":4,"href":"http:\/\/www.fotoklub-maribor.si\/galerija\/wp-json\/wp\/v2\/posts\/1745\/revisions"}],"predecessor-version":[{"id":1757,"href":"http:\/\/www.fotoklub-maribor.si\/galerija\/wp-json\/wp\/v2\/posts\/1745\/revisions\/1757"}],"wp:attachment":[{"href":"http:\/\/www.fotoklub-maribor.si\/galerija\/wp-json\/wp\/v2\/media?parent=1745"}],"wp:term":[{"taxonomy":"category","embeddable":true,"href":"http:\/\/www.fotoklub-maribor.si\/galerija\/wp-json\/wp\/v2\/categories?post=1745"},{"taxonomy":"post_tag","embeddable":true,"href":"http:\/\/www.fotoklub-maribor.si\/galerija\/wp-json\/wp\/v2\/tags?post=1745"}],"curies":[{"name":"wp","href":"https:\/\/api.w.org\/{rel}","templated":true}]}}