  {"id":1770,"date":"2023-02-13T10:53:17","date_gmt":"2023-02-13T09:53:17","guid":{"rendered":"http:\/\/www.fotoklub-maribor.si\/galerija\/?p=1770"},"modified":"2023-02-13T10:53:26","modified_gmt":"2023-02-13T09:53:26","slug":"fadil-sarki","status":"publish","type":"post","link":"http:\/\/www.fotoklub-maribor.si\/galerija\/2023\/02\/13\/fadil-sarki\/","title":{"rendered":"Fadil \u0160arki"},"content":{"rendered":"<p>17.2.2023 &#8211; 17.3.2023<\/p>\n<p style=\"font-weight: 400\">Fadil \u0160arki (1951) je \u0161tudiral novinarstvo na Fakulteti za politi\u010dne vede v Beogradu.<\/p>\n<p style=\"font-weight: 400\">Imel je deset samostojnih razstav. Skupaj je razstavljal na ve\u010d kot 170 skupinskih razstavah doma in v tujini, kjer je prejel ve\u010d kot 30 nagrad. Med drugim je bil devetkrat nagrajen na republi\u0161kih razstavah Foto zveze Srbije. Dvakrat je osvojil prvo mesto na tekmovanju &#8220;Press photo Serbia&#8221; v kategoriji dokumentarne fotografije. Na mednarodnem festivalu v Sarajevu je prejel prvo nagrado v kategoriji reporta\u017ene fotografije. Na Festivalu fotografije v Rovinju je bil dvakrat nagrajen \u2013 leta 2020 prvo mesto za fotografijo arhitekture, leta 2021 tretje mesto za urbano krajino.<\/p>\n<p style=\"font-weight: 400\">Mojster fotografije, Foto zveza Srbije, \u010dlan ULUPUDS (Zdru\u017eenje likovnih umetnikov uporabnih umetnosti in oblikovalcev Srbije.)<\/p>\n<p style=\"font-weight: 400\"><strong>\u010crno beli svet<\/strong><\/p>\n<p style=\"font-weight: 400\">Fadil \u0160arki se je odlo\u010dil, da eno izmed svojih \u0161tevilnih zgodb o \u2018\u2019osvobajanju\u2019\u2019 barve prenese v na\u0161 vse-obdajajo\u010di \u010drno beli svet, prepoln sivih odtenkov. Kajti ob gledanju dolo\u010dene \u010drno bele slike si venomer postavljamo vpra\u0161anje: zakaj je ta motiv prikazan ravno na ta na\u010din? Teoreti\u010dni odgovor na to vpra\u0161anje bi bil, da se osvobojeni vtisi barve in vizualno poenostavljene fotografije vra\u010dajo k svojim prvinskim vrednostim, zasnovanimi na tonskem odnosu sence, svetlobe, kontrasta, oblike in teksture. To je povzro\u010dilo, da se avtor \u0161e posebej posveti kompoziciji, ki pa skupaj z vsemi elementi na fotografiji, pri gledalcu izzovejo individualno pogojena \u010dustva.<\/p>\n<p style=\"font-weight: 400\">Tako pridemo do najpomembnej\u0161ega dejstva, zaradi katerega je nastala ta in vse ostale \u0160arkijeve fotografije. Gre namre\u010d za nabor prefinjenih \u010dustev, ki jih ob\u010dutimo, ko gledamo \u010drno bele slike sveta. Prav tako je pomembno dejstvo, da je avtor teh fotografij iskal motive na zelo neobi\u010dajnih mestih, ter se mo\u010dno trudil pri prezentaciji skorajda bizarno-komi\u010dnih motivov.<\/p>\n<p style=\"font-weight: 400\">Milan Zivkovic<\/p>\n<p style=\"font-weight: 400\"><strong>Pejsa\u017e mesta \u2013 Tukaj in tam<\/strong><\/p>\n<p style=\"font-weight: 400\">\u0160arki razvija vizualno prakso, ki nas privede do izpra\u0161evanja odnosa med fotografijo in realnostjo. K njej pristopa iz zanimanja za urbani pejsa\u017e kot morebitni lastni pogled na dani pejsa\u017e. Slednjega pa opazi tam, kjer ga drugi ne vidijo. Fotografija tako postane avtorica zgodbe, ki se vzpostavlja med obstoje\u010dim (tam) in intervencijo (tukaj), kar daje prednost subjektivnemu pogledu na sam pejsa\u017e.<\/p>\n<p style=\"font-weight: 400\">Kaj dandanes pomeni besedna zveza &#8221;urbani pejsa\u017e&#8221;? Da je odnos pejsa\u017ea in mesta, ki nastopa kot fotografski atelje velikokrat delikaten in paradoksalen. Da ga urbanizacija postavlja pod vpra\u0161aj, da je pejsa\u017e legitimna kategorija ruralne fotografije, ali, da je v \u010dasu metropolizacije vztrajanje na ohranjanju odnosa med urbanim in naravnim okoljem, problemati\u010dno. Mestni pejsa\u017e mnogokrat v fotografiji pomeni prikaz parkov, vrtov in ostalih zelenih oaz, medtem, ko se urbani pejsa\u017e poslu\u017euje geografije, urbanizma in arhitekture. \u0160arkijeva fotografija urbanih predelov pa je dejanje, ki presega zgolj dokumentarno naravo fotografiranja. S pomo\u010djo enkratnih, nenadnih vtisov namre\u010d avtor pogleda skozi objektiv na teren, proti svojstvenim ob\u010dutjem estetskih kriterijev in tako daje fotografiji lasten pe\u010dat avtonomnosti, neodvisnosti od omenjenih disciplin fotografiranja.<\/p>\n<p style=\"font-weight: 400\"><strong>Uli\u010dno \u017eivljenje<\/strong><\/p>\n<p style=\"font-weight: 400\">Fadil \u0160arki se je v iskanju nevidnih \u017eivljenjskih zgodb sprehodil po \u0161tevilnih ulicah po svetu. Nau\u010dil se je slediti in prepustiti toku \u017eivljenja. Fotografije nam dokazujejo, da je avtor venomer uspel najti mesta, v katerih se lahko fotografira zares zanimive motive, naj bo to s pomo\u010djo lastnih modelov, postavitve v vlogo opazovalca ali zavzetje vloge &#8221;paparazzi-ja&#8221;, ki krade trenutke. Ob tem ga je najverjetneje spremljala misel \u0110or\u0111a Adera: &#8221;Vse, kar ste si kadarkoli \u017eeleli, se nahaja na drugi strani strahu&#8221;. Ve\u010dina ljudi namre\u010d \u010duti strah do pristopanja k ljudem, do reakcije so\u010dloveka in zavestne odlo\u010ditve ne slediti ustaljenemu toku \u017eivljenja. Zato fotograf ubere pot, kjer se njegovo telo spaja z ritmom ulice in ne pride do reakcij, ni strahu. Edino, kar zares \u0161teje je fotografija.<\/p>\n<p style=\"font-weight: 400\">Milan Zivkovic<\/p>\n","protected":false},"excerpt":{"rendered":"<p>17.2.2023 &#8211; 17.3.2023 Fadil \u0160arki (1951) je \u0161tudiral novinarstvo na Fakulteti za politi\u010dne vede v Beogradu. Imel je deset samostojnih razstav. Skupaj je razstavljal na ve\u010d kot 170 skupinskih razstavah doma in v tujini, kjer je prejel ve\u010d kot 30 nagrad. Med drugim je bil devetkrat nagrajen na republi\u0161kih razstavah Foto zveze Srbije. Dvakrat je [&hellip;]<\/p>\n","protected":false},"author":2,"featured_media":1771,"comment_status":"closed","ping_status":"closed","sticky":false,"template":"","format":"standard","meta":{"footnotes":""},"categories":[46,57,11],"tags":[],"class_list":["post-1770","post","type-post","status-publish","format-standard","has-post-thumbnail","hentry","category-aktualne-razstave","category-novice","category-razstave"],"_links":{"self":[{"href":"http:\/\/www.fotoklub-maribor.si\/galerija\/wp-json\/wp\/v2\/posts\/1770"}],"collection":[{"href":"http:\/\/www.fotoklub-maribor.si\/galerija\/wp-json\/wp\/v2\/posts"}],"about":[{"href":"http:\/\/www.fotoklub-maribor.si\/galerija\/wp-json\/wp\/v2\/types\/post"}],"author":[{"embeddable":true,"href":"http:\/\/www.fotoklub-maribor.si\/galerija\/wp-json\/wp\/v2\/users\/2"}],"replies":[{"embeddable":true,"href":"http:\/\/www.fotoklub-maribor.si\/galerija\/wp-json\/wp\/v2\/comments?post=1770"}],"version-history":[{"count":2,"href":"http:\/\/www.fotoklub-maribor.si\/galerija\/wp-json\/wp\/v2\/posts\/1770\/revisions"}],"predecessor-version":[{"id":1773,"href":"http:\/\/www.fotoklub-maribor.si\/galerija\/wp-json\/wp\/v2\/posts\/1770\/revisions\/1773"}],"wp:featuredmedia":[{"embeddable":true,"href":"http:\/\/www.fotoklub-maribor.si\/galerija\/wp-json\/wp\/v2\/media\/1771"}],"wp:attachment":[{"href":"http:\/\/www.fotoklub-maribor.si\/galerija\/wp-json\/wp\/v2\/media?parent=1770"}],"wp:term":[{"taxonomy":"category","embeddable":true,"href":"http:\/\/www.fotoklub-maribor.si\/galerija\/wp-json\/wp\/v2\/categories?post=1770"},{"taxonomy":"post_tag","embeddable":true,"href":"http:\/\/www.fotoklub-maribor.si\/galerija\/wp-json\/wp\/v2\/tags?post=1770"}],"curies":[{"name":"wp","href":"https:\/\/api.w.org\/{rel}","templated":true}]}}