  {"id":2007,"date":"2024-11-13T16:10:46","date_gmt":"2024-11-13T15:10:46","guid":{"rendered":"https:\/\/www.fotoklub-maribor.si\/galerija\/?p=2007"},"modified":"2024-11-14T10:40:59","modified_gmt":"2024-11-14T09:40:59","slug":"janez-pelko-izhod-skozi-zadnje-zrcalo","status":"publish","type":"post","link":"http:\/\/www.fotoklub-maribor.si\/galerija\/2024\/11\/13\/janez-pelko-izhod-skozi-zadnje-zrcalo\/","title":{"rendered":"Janez Pelko: Izhod skozi zadnje zrcalo"},"content":{"rendered":"<p><span class=\"Apple-converted-space\">\u00a0<\/span><b>Janez Pelko (1968), <\/b>je rojen v Kranju, \u017eivi v \u0160kofji Loki. Je samouk, dela s \u010drno-belim filmom in digitalno fotografijo razli\u010dnih formatov. V preteklosti se je udele\u017eeval ex-temporov. Posebej pri srcu mu je bil Kreart (sedaj ArtKum). Pri ustvarjanju ga zanima \u0161irok spekter ustvarjanja, ki se giblje od portretov in \u017eenskih aktov, infrarde\u010dih pokrajin, koncertnih reporta\u017e, do eksperimentalne fotografije &#8211; sedaj fotografira s camero obscuro. V devetdesetih je sodeloval s tiskanimi mediji. V zadnjem \u010dasu se posve\u010da avtorski fotografiji, sodeluje z glasbeniki in predava na fotografskih delavnicah. Sodeloval je \u017ee na mnogih samostojnih razstavah in ve\u010djih skupinskih razstavah.<\/p>\n<p><b>Janez Pelko: Izhod skozi zadnje zrcalo<\/b><b><\/b><\/p>\n<p><i>Skozi zrcalo <\/i>oziroma v angle\u0161\u010dini <i>Through the looking-glass <\/i>je fraza, ki se je po romanu znanega avtorja Lewisa Carolla za\u010dela uporabljati v trenutkih, ko se nam svet zdi neznan, skoraj, kot bi bile stvari postavljene na glavo, razporejene na bizaren in nenavaden na\u010din. Pri seriji fotografa Janeza Pelka ogledala in odsevi predstavljajo nove enigme in kuriozitete, ki me\u010dejo odsev preko nepojasnljivega skozi na\u0161o stvarnost in nazaj v neraziskano.<span class=\"Apple-converted-space\">\u00a0<\/span><\/p>\n<p>Koncept razstave temelji na ve\u010d kot zgolj ogledalu kot pripomo\u010dku fotografskega ustvarjanja, cikel razkriva nove dimenzije in zavedanja o samem sebi, o svetu in o opti\u010dnih iluzijah, ki jih tak\u0161ni in druga\u010dni odsevi ustvarjajo. Zrcala so \u017ee leta temelj ugank in legend, nekatera za sabo nosijo mra\u010dno podobo, druga optimisti\u010dna raziskovanja in radovedne du\u0161e. V popularni kulturi so bila \u017ee nemalokrat tar\u010da alienacije, tako pred tujo sfero kot pred odtujenostjo nas samih, saj lahko prikazujejo esenco \u010dloveka, ki pa nemalokrat ka\u017ee na dejstva, ki jih nismo pripravljeni sprejeti. Cikel fotografij se poigrava s subtilnimi sugestijami, ki nam jih zrcala in drugi na videz krhki elementi nastavljajo.<span class=\"Apple-converted-space\">\u00a0<\/span><\/p>\n<p>V \u010drno belih fotografijah vidimo nenavadna tiho\u017eitja v zapu\u0161\u010denih stavbnih prostorih. V vsakem od teh se skriva delec ogledala, ki razkriva nekaj ve\u010d, ki raz\u0161iri vidno polje fotografa in gledalca, ter odpira novo sliko in dodatno polje v sfero fotografije. Delo samo deluje minimalisti\u010dno. Predstavljena so okna, deli sobe, mizice in akti \u017eensk, ampak ko se gledalec poglobi v samo zrcalo, se razpre dodatni del zgodbe, ki dopolnjuje celotno zasnovo fotografije. Sre\u010damo se z odsevi sten z markantnimi detajli, kozarci, kateri preslikavajo svetlobo, v ozadju zamegljene predmete, ki dodajo u\u010dinek misterioznosti in pa lomljenimi deli zrcal, ki prikazujejo tiho izpri\u010devanje s strani fotografa. Gre za grajeno fotografijo, ki gre korak naprej od samega tiho\u017eitja in ga izpopolni z aktom, deli krajine in dodatnimi strukturami tiho\u017eitij vsaka fotografija ponudi ve\u010d kot le eno tematsko polje umetnosti. Pri ciklu fotografij gre za so\u017eitje ve\u010d zvrsti in pravzaprav likovnih prvin, s katerimi se dose\u017ee popolna celota.<span class=\"Apple-converted-space\">\u00a0<\/span><\/p>\n<p>Ob sprehodu mimo ogledala, ta zajamejo zgodbe vsakega posameznika. Tokrat je glavni akter pri nekaterih fotografijah \u017eenska. Fotograf jo predstavi na na\u010din izrazito oddaljen od plehke erotizacije in objektivizacije, \u017eenski akt v fotografijah postane sam svoj, postane nadrealen, lo\u010den od okov dru\u017ebe v tiho\u017eitju z ogledali, ali raje tiho\u017eitju v ogledalih. Prikazuje pomislek, kaj je res, kaj odsevi odna\u0161ajo in kaj<span class=\"Apple-converted-space\">\u00a0<\/span><\/p>\n<p>prina\u0161ajo, kdo ta oseba je; je res tam, ali je zgolj plod vizije opazovalca. V samih fotografijah se postavlja paradoks, da v ogledalu vidimo nekoga drugega, ali<\/p>\n<p>nekaj drugega, \u0161e ne poznanega, nekoga, ki ni mi, morda pa \u0161e bo.<span class=\"Apple-converted-space\">\u00a0<\/span><\/p>\n<p>Serija <i>Izhod skozi zadnje zrcalo <\/i>uvaja neznanko, kaj ogledala pravzaprav sploh prikazujejo in predstavljajo za opazovalca? Morda strahove lastnih \u017eelja, lahko drugi svet ki uprizarja \u017ee uresni\u010dene cilje, tegobe ali pa resnice, ki \u0161e niso bile razjasnjene. Ideja ogledala je postavljena pod mnoga stvarna in tudi globoko filozofska vpra\u0161anja, na katere odgovorov ne pozna zares nih\u010de, najbolj pa se jim pribli\u017ea tisti, ki odseve spremlja. Sam avtor pravi, da je potrebno z ogledali in du\u0161ami ravnati pazljivo, saj se oboje lahko hitro raztre\u0161\u010di.<span class=\"Apple-converted-space\">\u00a0<\/span><\/p>\n<p>Rebeka Ta\u0161i\u010d, dipl. um. zgo.<\/p>\n<p>&nbsp;<\/p>\n<p>&nbsp;<\/p>\n","protected":false},"excerpt":{"rendered":"<p>\u00a0Janez Pelko (1968), je rojen v Kranju, \u017eivi v \u0160kofji Loki. Je samouk, dela s \u010drno-belim filmom in digitalno fotografijo razli\u010dnih formatov. V preteklosti se je udele\u017eeval ex-temporov. Posebej pri srcu mu je bil Kreart (sedaj ArtKum). Pri ustvarjanju ga zanima \u0161irok spekter ustvarjanja, ki se giblje od portretov in \u017eenskih aktov, infrarde\u010dih pokrajin, koncertnih [&hellip;]<\/p>\n","protected":false},"author":2,"featured_media":2008,"comment_status":"closed","ping_status":"closed","sticky":false,"template":"","format":"standard","meta":{"footnotes":""},"categories":[46,57,11],"tags":[],"class_list":["post-2007","post","type-post","status-publish","format-standard","has-post-thumbnail","hentry","category-aktualne-razstave","category-novice","category-razstave"],"_links":{"self":[{"href":"http:\/\/www.fotoklub-maribor.si\/galerija\/wp-json\/wp\/v2\/posts\/2007"}],"collection":[{"href":"http:\/\/www.fotoklub-maribor.si\/galerija\/wp-json\/wp\/v2\/posts"}],"about":[{"href":"http:\/\/www.fotoklub-maribor.si\/galerija\/wp-json\/wp\/v2\/types\/post"}],"author":[{"embeddable":true,"href":"http:\/\/www.fotoklub-maribor.si\/galerija\/wp-json\/wp\/v2\/users\/2"}],"replies":[{"embeddable":true,"href":"http:\/\/www.fotoklub-maribor.si\/galerija\/wp-json\/wp\/v2\/comments?post=2007"}],"version-history":[{"count":1,"href":"http:\/\/www.fotoklub-maribor.si\/galerija\/wp-json\/wp\/v2\/posts\/2007\/revisions"}],"predecessor-version":[{"id":2009,"href":"http:\/\/www.fotoklub-maribor.si\/galerija\/wp-json\/wp\/v2\/posts\/2007\/revisions\/2009"}],"wp:featuredmedia":[{"embeddable":true,"href":"http:\/\/www.fotoklub-maribor.si\/galerija\/wp-json\/wp\/v2\/media\/2008"}],"wp:attachment":[{"href":"http:\/\/www.fotoklub-maribor.si\/galerija\/wp-json\/wp\/v2\/media?parent=2007"}],"wp:term":[{"taxonomy":"category","embeddable":true,"href":"http:\/\/www.fotoklub-maribor.si\/galerija\/wp-json\/wp\/v2\/categories?post=2007"},{"taxonomy":"post_tag","embeddable":true,"href":"http:\/\/www.fotoklub-maribor.si\/galerija\/wp-json\/wp\/v2\/tags?post=2007"}],"curies":[{"name":"wp","href":"https:\/\/api.w.org\/{rel}","templated":true}]}}