  {"id":2038,"date":"2025-03-06T07:17:58","date_gmt":"2025-03-06T06:17:58","guid":{"rendered":"https:\/\/www.fotoklub-maribor.si\/galerija\/?p=2038"},"modified":"2025-03-11T15:37:48","modified_gmt":"2025-03-11T14:37:48","slug":"kolektivni-nadzor-collective-control","status":"publish","type":"post","link":"http:\/\/www.fotoklub-maribor.si\/galerija\/2025\/03\/06\/kolektivni-nadzor-collective-control\/","title":{"rendered":"KOLEKTIVNI NADZOR \/COLLECTIVE CONTROL"},"content":{"rendered":"<h2 style=\"font-weight: 400\"><em>Luciana Demichelis, Marcel Top, Andr\u00e9s P\u00e9rez<\/em><\/h2>\n<p>&nbsp;<\/p>\n<p style=\"font-weight: 400\">Razstava v vpogled ponuja tri izbrane avtorske projekte fotografov Luciane Demichelis (AR), Andr\u00e9s P\u00e9rez (VE) in Marcela Topa (BE), s katerimi so se v okviru o\u017ejega izbora predstavili lani (2024) na Kranj Foto Festu. Na prvi pogled izmuzljiva povezovalna lastnost treh medsebojno razli\u010dnih fotografskih zgodb se gledalcu prika\u017ee \u0161ele po temeljitem razmisleku. Ta je namre\u010d tisti, ki privede do raz\u0161irjenega vida v okolje dru\u017ebeno-politi\u010dnih problematik, bodisi lokalno specifi\u010dnega ali vsesplo\u0161nega sodobnega sveta. V treh nivojih se gledalec, tako v prostorskem kot tudi v avtorsko specifi\u010dnem smislu, soo\u010da s tematiko kolektivnega nadzora.<\/p>\n<p style=\"font-weight: 400\">Luciana Demichelis (<em>Zemlja je Lunin satelit<\/em>) ga kriti\u010dno izpostavlja v doma\u010di Argentini. V zastavljenem projektu gre za vizualno raziskovanje argentinskih satelitov, politi\u010dne domi\u0161ljije in uresni\u010devanja kolektivnih sanj. Skozi uporabo fikcije, prila\u0161\u010danja podob in ironije, projekt primerja tehnolo\u0161ko zanesljivost nekaterih dr\u017eav in prispeva k razpravi o koloniziranju neba. Andr\u00e9s P\u00e9rez (<em>Mrtva dru\u017eina<\/em>) prek raziskovanja dru\u017einskih albumov kot binarnih zgodovinskih dokumentov, ki utrjujejo naracijo o neobstoju raznolikosti, predstavi lastno, a hkrati kolektivno izku\u0161njo oseb LGBTIQ+ skupnosti. Skozi prizmo globoko zakoreninjene heteronormativnosti ter patriarhalne dru\u017ebene ureditve, avtor ponudi uvid v intimno sfero notranjega dogajanja posameznika, ki se je tovrstnemu nadzoru primoran podrejati vse od zgodnjih mladostni\u0161kih let. Marcel Top (<em>Obratni nadzor<\/em>) na eksplicitni na\u010din izpodbija zanesljivost sistema na podlagi leta 2023 sprejetega zakona francoske vlade, ki dovoljuje algoritemski videonadzor kot ukrep za nadzorovanje mno\u017eic na zborovanjih. Pojavi se izpra\u0161evanje namembnosti \u00bbobratnega nadzora\u00ab s strani najvi\u0161jih dr\u017eavnih organov, katerih vloga je sicer skrb za dobrobit lastnega ljudstva, a tukaj s pomo\u010djo ne\u010dlove\u0161ke tehnologije prevzema vlogo ultimativnega fizi\u010dnega nadzora, ki privede do vrste neeti\u010dnih izidov.<\/p>\n<p style=\"font-weight: 400\">Ekstremno obliko nadzora je s teorijo <em>panoptikuma<\/em> \u017ee v 18. stoletju ovekove\u010dil Jeremy Bentham. Nedale\u010d od tega ekstrema pa nam pri\u010dujo\u010di avtorji z lastnim ob\u010dutkom in zavedanjem, da je sodobni posameznik \u010dedalje bolj postavljen pod sisteme dru\u017ebenega ali politi\u010dnega nadzora, odstirajo neprijetne, a nujne resnice.<\/p>\n<p style=\"font-weight: 400\">Klara Zadravec, <em>univ.<\/em> <em>dipl. um. zgod. <\/em>in<em> univ. dipl. ang.<\/em><\/p>\n<p>&nbsp;<\/p>\n<p style=\"font-weight: 400\"><strong>Luciana Demichelis<\/strong> (Ensenada, 1992) is an Argentine photographer of non-binary identity. Named one of the &#8217;15 most promising emerging photographers&#8217; by the British Journal of Photography&#8217;s Ones to Watch 2023, their work explores the Latin American imaginary, technology, rituals, dissident identities, and nightlife. They have exhibited internationally at Format Festival (UK), PEP Berlin, FIF Santa Marta, Valpara\u00edso International Festival, and more. Their accolades include the LENS Scholarship (Spain), Campo.lat Scholarship (Mexico), and second prize at Argentina\u2019s National Hall of Visual Arts (2022). They have coordinated photography workshops since 2011 and lead Freezer, a contemporary photography platform.<\/p>\n<p style=\"font-weight: 400\"><strong>Luciana Demichelis<\/strong> (Ensenada, 1992) je argentinska fotografinja z nebinarno identiteto. Njihovo delo, ki ga je britanska revija za fotografijo Ones to Watch 2023 imenovala za enega od &#8221;15 najbolj obetavnih fotografov&#8221;, raziskuje latinskoameri\u0161ko imaginarno tehnologijo, rituale, disidentske identitete in no\u010dno \u017eivljenje. Mednarodno so razstavljali na festivalih Format (Zdru\u017eeno kraljestvo), PEP Berlin, FIF Santa Marta, Valpara\u00edso International Festival in drugih. Med njihovimi priznanji so \u0161tipendija LENS (\u0160panija), \u0161tipendija Campo.lat (Mehika) in druga nagrada v argentinski nacionalni dvorani vizualnih umetnosti (2022). Od leta 2011 usklajujejo fotografske delavnice in vodijo platformo za sodobno fotografijo Freezer.<\/p>\n<p>&nbsp;<\/p>\n<p style=\"font-weight: 400\"><strong>Andr\u00e9s P\u00e9rez<\/strong> (Venezuela, 1993) is a non-binary photographer and visual artist based in Bogot\u00e1, Colombia. Their work is the result of the union between his creativity and political interests. Their visual identity is a mix of artistic photography\u00a0and expanded documentary practices. Through images, they address social issues such as identity, queer memory and binary violence. They have presented 13 exhibitions between 2022 and 2024 in museums, photography centers and festivals such as Museum f\u00fcr Kunst &amp; Gewerbe (Hamburg), \u00a0Trastevere Museum (Rome), Preus Museum (Norway), Pride Photo (Netherlands), Photo Saint Germain (Paris) and the Houston Center of Photography.<\/p>\n<p style=\"font-weight: 400\"><strong>Andr\u00e9s P\u00e9rez<\/strong> (Venezuela, 1993) je nebinarni fotograf in vizualni umetnik iz Bogote v Kolumbiji. Njihovo delo je rezultat zdru\u017eitve med ustvarjalnostjo in politi\u010dnimi interesi. Njihova vizualna identiteta je me\u0161anica umetni\u0161ke fotografije in raz\u0161irjenih dokumentarnih praks. S podobami obravnavajo dru\u017ebena vpra\u0161anja, kot so identiteta, queer spomin in binarno nasilje.<\/p>\n<p style=\"font-weight: 400\">Med letoma 2022 in 2024 so predstavili 13 razstav v muzejih, fotografskih centrih in na festivalih, kot je Museum f\u00fcr Kunst &amp; Gewerbe (Hamburg), Trastevere Museum (Rim), Preus Museum (Norve\u0161ka), Pride Photo (Nizozemska), Photo Saint Germain (Pariz) in Houston Center of Photography.<\/p>\n<p style=\"font-weight: 400\"><strong>Marcel Top<\/strong> (Belgija, 1997) researches the topics of mass surveillance, privacy, data collection.In his practice, he layers a traditional approach to documentary research with a more experimental use of new technologies (such as facial recognition, movement analysis, and deepfakes). The artist uses these technologies to visualise and examine scenarios in which people can protect themselves and their rights by gaining knowledge and reclaiming control of surveillance tools.<\/p>\n<p style=\"font-weight: 400\">Top\u2019s projects addressing human rights, police misconduct and facial recognition during protests aim to contrast the abstract nature of the algorithmic mechanisms behind mass surveillance, by providing a concrete visualisation of the phenomenon and confronting the public with the extensive amount of surveillance societies are subjected to and the ethical risks deriving, finally offering theoretical solutions.<\/p>\n<p style=\"font-weight: 400\"><strong>Marcel Top <\/strong>(Belgija, 1997) raziskuje teme mno\u017ei\u010dnega nadzora, zasebnosti in zbiranja podatkov. V svoji praksi tradicionalni pristop k dokumentarnemu raziskovanju nadgrajuje z bolj eksperimentalno uporabo novih tehnologij (kot so prepoznavanje obrazov, analiza gibanja in globoki ponaredki). Umetnik te tehnologije uporablja za vizualizacijo in preu\u010devanje scenarijev, v katerih lahko ljudje za\u0161\u010ditijo sebe in svoje pravice tako, da pridobijo znanje in ponovno prevzamejo nadzor nad orodji nadzora. Topovi projekti, ki obravnavajo \u010dlovekove pravice, napa\u010dno ravnanje policije in prepoznavanje obrazov med protesti, so namenjeni nasprotovanju abstraktni naravi algoritemskih mehanizmov, ki stojijo za mno\u017ei\u010dnim nadzorom, in sicer z zagotavljanjem konkretne vizualizacije tega pojava in soo\u010danjem javnosti z obse\u017eno koli\u010dino nadzora, ki so mu dru\u017ebe izpostavljene, ter z eti\u010dnimi tveganji, ki iz tega izhajajo, na koncu pa ponujajo teoreti\u010dne re\u0161itve.<\/p>\n<p>&nbsp;<\/p>\n<p>&nbsp;<\/p>\n<p style=\"font-weight: 400\"><i>Dogodke bomo fotografirali ali snemali. Z va\u0161o udele\u017ebo sogla\u0161ate, da se vas sme fotografirati ali snemati. Fotografije in posnetke pa uporabiti za objavo na dru\u017ebenih omre\u017ejih, spletnih straneh, v tiskanem materialu in drugih medijih. Namen tega je promocija galerije in kluba, obve\u0161\u010danje javnosti in dokumentiranje.<\/i><\/p>\n<p>&nbsp;<\/p>\n<p>Razstava je pripravljena v sodelovanju s<\/p>\n<div><b><b><span lang=\"SL\">KRANJ FOTO FEST 202<\/span><\/b><\/b><\/p>\n<div class=\"html-div xdj266r x11i5rnm xat24cr x1mh8g0r xexx8yu x4uap5 x18d9i69 xkhd6sd x78zum5 x1eb86dx\">\n<div class=\"html-div xdj266r x11i5rnm xat24cr x1mh8g0r xexx8yu x4uap5 x18d9i69 xkhd6sd xeuugli x1vjfegm\">\n<div class=\"html-div xdj266r x11i5rnm xat24cr x1mh8g0r xexx8yu x4uap5 x18d9i69 xkhd6sd x78zum5 xh8yej3\" role=\"presentation\">\n<div class=\"x1cy8zhl x78zum5 xdt5ytf x193iq5w x1n2onr6 x1kxipp6\">\n<div class=\"x78zum5 xh8yej3\" role=\"none\">\n<div class=\"html-div xdj266r x11i5rnm xat24cr x1mh8g0r xexx8yu x4uap5 x18d9i69 xkhd6sd x6ikm8r x10wlt62\">\n<div class=\"html-div xdj266r x11i5rnm xat24cr x1mh8g0r x14ctfv x1okitfd x6ikm8r x10wlt62 xerhiuh x1pn3fxy x12xxe5f x1szedp3 x1n2onr6 x1vjfegm x1k4qllp x1mzt3pk x13faqbe x1xr0vuk x1jm4cbz x1lmq8lz xrrpcnn x1xtl47e x13fuv20 xu3j5b3 x1q0q8m5 x26u7qi x19livfd x2t687o x3p3xfz x5od304 x11ucwad xgtuqic x155c047 x1lcm9me\" role=\"presentation\">\n<div class=\"html-div xexx8yu x4uap5 x18d9i69 xkhd6sd x1gslohp x11i5rnm x12nagc x1mh8g0r x1yc453h x126k92a x18lvrbx\" dir=\"auto\">Kuratorke razstave: Klara Zadravec v sodelovanju s Fernando Prado Ver\u010di\u010d in Terezo Kozinc<\/div>\n<\/div>\n<\/div>\n<div class=\"html-div xdj266r x11i5rnm xat24cr x1mh8g0r xexx8yu x4uap5 x18d9i69 xkhd6sd x1h91t0o xkh2ocl x78zum5 xdt5ytf x13a6bvl x193iq5w x1iyjqo2 x1eb86dx\" role=\"presentation\">\n<div class=\"html-div xdj266r x11i5rnm xat24cr x1mh8g0r xexx8yu x4uap5 x18d9i69 xkhd6sd x1r8uery x1iyjqo2\" role=\"presentation\"><\/div>\n<\/div>\n<\/div>\n<\/div>\n<div class=\"html-div xdj266r x11i5rnm xat24cr x1mh8g0r xexx8yu x4uap5 x18d9i69 xkhd6sd x1h91t0o xkh2ocl x78zum5 xdt5ytf x13a6bvl x193iq5w x1iyjqo2 x1eb86dx\" role=\"presentation\">\n<div class=\"html-div xdj266r x11i5rnm xat24cr x1mh8g0r xexx8yu x4uap5 x18d9i69 xkhd6sd x1r8uery x1iyjqo2\" role=\"presentation\"><\/div>\n<\/div>\n<\/div>\n<div class=\"html-div xdj266r x11i5rnm xat24cr x1mh8g0r xexx8yu x4uap5 x18d9i69 xkhd6sd x1h91t0o xkh2ocl x78zum5 xdt5ytf x13a6bvl x193iq5w x1c4vz4f x1eb86dx\" role=\"presentation\">\n<div class=\"html-div xdj266r x11i5rnm xat24cr x1mh8g0r xexx8yu x4uap5 x18d9i69 xkhd6sd\"><\/div>\n<\/div>\n<\/div>\n<div class=\"html-div xdj266r x11i5rnm xat24cr x1mh8g0r xexx8yu x4uap5 x1eb86dx x78zum5 x1c4vz4f x2lah0s x18061mc xjz4gdx\">\n<div class=\"html-div xdj266r x11i5rnm xat24cr x1mh8g0r xexx8yu x4uap5 x18d9i69 xkhd6sd x78zum5 xamitd3\">\n<div class=\"html-div xdj266r x11i5rnm xat24cr x1mh8g0r xexx8yu x4uap5 x18d9i69 x78zum5 xdt5ytf x1iyjqo2 x2lah0s xl56j7k x1n2onr6 x1mqs8db x1n327nk x1t2a60a\" aria-hidden=\"true\">\n<div class=\"html-div xdj266r x11i5rnm xat24cr x1mh8g0r xexx8yu x4uap5 x18d9i69 xkhd6sd x6s0dn4 xl5lk40 x78zum5 x1mqs8db x1q0g3np\" role=\"presentation\">\n<div class=\"html-div xdj266r x11i5rnm xat24cr x1mh8g0r xexx8yu x4uap5 x18d9i69 xkhd6sd x6s0dn4 xl5lk40 x78zum5 x1mqs8db x1q0g3np\" role=\"presentation\">\n<div class=\"html-div xdj266r x11i5rnm xat24cr x1mh8g0r xexx8yu x4uap5 x18d9i69 xkhd6sd\" aria-hidden=\"false\">\n<div class=\"x9f619 x1n2onr6 x1ja2u2z __fb-light-mode\"><\/div>\n<\/div>\n<div class=\"html-div xdj266r x11i5rnm xat24cr x1mh8g0r xexx8yu x4uap5 x18d9i69 xkhd6sd\" aria-hidden=\"false\">\n<div class=\"x9f619 x1n2onr6 x1ja2u2z __fb-light-mode\"><\/div>\n<\/div>\n<div class=\"html-div xdj266r x11i5rnm xat24cr x1mh8g0r xexx8yu x4uap5 x18d9i69 xkhd6sd\" aria-hidden=\"false\">\n<div class=\"x9f619 x1n2onr6 x1ja2u2z __fb-light-mode\"><\/div>\n<\/div>\n<\/div>\n<\/div>\n<\/div>\n<\/div>\n<\/div>\n<div class=\"html-div xdj266r x11i5rnm xat24cr x1mh8g0r xexx8yu x4uap5 x18d9i69 xkhd6sd x1eb86dx x1r8uery x1iyjqo2\"><\/div>\n<\/div>\n<div class=\"html-div xdj266r x11i5rnm xat24cr x1mh8g0r xexx8yu x4uap5 x18d9i69 xkhd6sd x78zum5 x13a6bvl x1eb86dx\">\n<div class=\"html-div x1mh8g0r xexx8yu x4uap5 x18d9i69 xkhd6sd x1jfb8zj x12nagc xpdqn1h x1gslohp\"><\/div>\n<\/div>\n<\/div>\n<p>&nbsp;<\/p>\n","protected":false},"excerpt":{"rendered":"<p>Luciana Demichelis, Marcel Top, Andr\u00e9s P\u00e9rez &nbsp; Razstava v vpogled ponuja tri izbrane avtorske projekte fotografov Luciane Demichelis (AR), Andr\u00e9s P\u00e9rez (VE) in Marcela Topa (BE), s katerimi so se v okviru o\u017ejega izbora predstavili lani (2024) na Kranj Foto Festu. Na prvi pogled izmuzljiva povezovalna lastnost treh medsebojno razli\u010dnih fotografskih zgodb se gledalcu prika\u017ee [&hellip;]<\/p>\n","protected":false},"author":2,"featured_media":2041,"comment_status":"closed","ping_status":"closed","sticky":false,"template":"","format":"standard","meta":{"footnotes":""},"categories":[46,57,11],"tags":[],"class_list":["post-2038","post","type-post","status-publish","format-standard","has-post-thumbnail","hentry","category-aktualne-razstave","category-novice","category-razstave"],"_links":{"self":[{"href":"http:\/\/www.fotoklub-maribor.si\/galerija\/wp-json\/wp\/v2\/posts\/2038"}],"collection":[{"href":"http:\/\/www.fotoklub-maribor.si\/galerija\/wp-json\/wp\/v2\/posts"}],"about":[{"href":"http:\/\/www.fotoklub-maribor.si\/galerija\/wp-json\/wp\/v2\/types\/post"}],"author":[{"embeddable":true,"href":"http:\/\/www.fotoklub-maribor.si\/galerija\/wp-json\/wp\/v2\/users\/2"}],"replies":[{"embeddable":true,"href":"http:\/\/www.fotoklub-maribor.si\/galerija\/wp-json\/wp\/v2\/comments?post=2038"}],"version-history":[{"count":9,"href":"http:\/\/www.fotoklub-maribor.si\/galerija\/wp-json\/wp\/v2\/posts\/2038\/revisions"}],"predecessor-version":[{"id":2050,"href":"http:\/\/www.fotoklub-maribor.si\/galerija\/wp-json\/wp\/v2\/posts\/2038\/revisions\/2050"}],"wp:featuredmedia":[{"embeddable":true,"href":"http:\/\/www.fotoklub-maribor.si\/galerija\/wp-json\/wp\/v2\/media\/2041"}],"wp:attachment":[{"href":"http:\/\/www.fotoklub-maribor.si\/galerija\/wp-json\/wp\/v2\/media?parent=2038"}],"wp:term":[{"taxonomy":"category","embeddable":true,"href":"http:\/\/www.fotoklub-maribor.si\/galerija\/wp-json\/wp\/v2\/categories?post=2038"},{"taxonomy":"post_tag","embeddable":true,"href":"http:\/\/www.fotoklub-maribor.si\/galerija\/wp-json\/wp\/v2\/tags?post=2038"}],"curies":[{"name":"wp","href":"https:\/\/api.w.org\/{rel}","templated":true}]}}