  {"id":37,"date":"2019-09-25T12:11:05","date_gmt":"2019-09-25T11:11:05","guid":{"rendered":"http:\/\/www.fotoklub-maribor.si\/galerija\/?p=37"},"modified":"2019-12-09T13:38:52","modified_gmt":"2019-12-09T12:38:52","slug":"dk-jutrisnji-spomin","status":"publish","type":"post","link":"http:\/\/www.fotoklub-maribor.si\/galerija\/2019\/09\/25\/dk-jutrisnji-spomin\/","title":{"rendered":"DK &#8211; jutri\u0161nji spomin"},"content":{"rendered":"<div>\n<p><strong><em>Jutri\u0161nji spomin\u00a0<\/em><\/strong>je projekt, v katerem avtor raziskuje odnos med na\u0161imi predstavami in resni\u010dnim. Dotika se vpra\u0161anj kvantnega ter participatornega delovanja na\u0161ega okolja. Obenem preizpra\u0161uje odnos na\u0161ih predstav in vzvodov, ki nas prepri\u010dajo, da je nekaj resni\u010dno. Poleg sklopov z abstraktimi motivi je na fotografijah mogo\u010de videti pokrajine razli\u010dnih koncev sveta, a v resnici je vse posneto v radiu 100 metrov okoli avtorjevega studia, ki se nahaja v urbanem okolju.<\/p>\n<p><strong>DK (Damjan Kocjan\u010di\u010d)<\/strong>\u00a0je bil rojen leta 1970. Leta 1999 je prejel \u0161tipendijo KulturKontakta z Dunaja, 2004 in 2009 \u0161tipendijo Ministrstva za kulturo RS, 2007 in 2012 \u0161tipendijo ZDSLU, pa tudi nagrade tujih fundacij. Razstavljal je v \u0161tevilnih pomembnej\u0161ih umetnostnih institucijah v Sloveniji in tujini. Njegove fotografije so bile objavljene v raznih specializiranih medijih in publikacijah, izdal je tudi ve\u010d monografij in knji\u017enih projektov.<\/p>\n<\/div>\n","protected":false},"excerpt":{"rendered":"<p>Jutri\u0161nji spomin\u00a0je projekt, v katerem avtor raziskuje odnos med na\u0161imi predstavami in resni\u010dnim. Dotika se vpra\u0161anj kvantnega ter participatornega delovanja na\u0161ega okolja. Obenem preizpra\u0161uje odnos na\u0161ih predstav in vzvodov, ki nas prepri\u010dajo, da je nekaj resni\u010dno. Poleg sklopov z abstraktimi motivi je na fotografijah mogo\u010de videti pokrajine razli\u010dnih koncev sveta, a v resnici je vse [&hellip;]<\/p>\n","protected":false},"author":1,"featured_media":1187,"comment_status":"closed","ping_status":"closed","sticky":false,"template":"","format":"standard","meta":{"footnotes":""},"categories":[11],"tags":[],"class_list":["post-37","post","type-post","status-publish","format-standard","has-post-thumbnail","hentry","category-razstave"],"_links":{"self":[{"href":"http:\/\/www.fotoklub-maribor.si\/galerija\/wp-json\/wp\/v2\/posts\/37"}],"collection":[{"href":"http:\/\/www.fotoklub-maribor.si\/galerija\/wp-json\/wp\/v2\/posts"}],"about":[{"href":"http:\/\/www.fotoklub-maribor.si\/galerija\/wp-json\/wp\/v2\/types\/post"}],"author":[{"embeddable":true,"href":"http:\/\/www.fotoklub-maribor.si\/galerija\/wp-json\/wp\/v2\/users\/1"}],"replies":[{"embeddable":true,"href":"http:\/\/www.fotoklub-maribor.si\/galerija\/wp-json\/wp\/v2\/comments?post=37"}],"version-history":[{"count":1,"href":"http:\/\/www.fotoklub-maribor.si\/galerija\/wp-json\/wp\/v2\/posts\/37\/revisions"}],"predecessor-version":[{"id":38,"href":"http:\/\/www.fotoklub-maribor.si\/galerija\/wp-json\/wp\/v2\/posts\/37\/revisions\/38"}],"wp:featuredmedia":[{"embeddable":true,"href":"http:\/\/www.fotoklub-maribor.si\/galerija\/wp-json\/wp\/v2\/media\/1187"}],"wp:attachment":[{"href":"http:\/\/www.fotoklub-maribor.si\/galerija\/wp-json\/wp\/v2\/media?parent=37"}],"wp:term":[{"taxonomy":"category","embeddable":true,"href":"http:\/\/www.fotoklub-maribor.si\/galerija\/wp-json\/wp\/v2\/categories?post=37"},{"taxonomy":"post_tag","embeddable":true,"href":"http:\/\/www.fotoklub-maribor.si\/galerija\/wp-json\/wp\/v2\/tags?post=37"}],"curies":[{"name":"wp","href":"https:\/\/api.w.org\/{rel}","templated":true}]}}