  {"id":1064,"date":"2022-12-15T12:51:14","date_gmt":"2022-12-15T12:51:14","guid":{"rendered":"http:\/\/www.fotoklub-maribor.si\/klub\/?p=1064"},"modified":"2023-04-03T07:11:52","modified_gmt":"2023-04-03T07:11:52","slug":"fotografski-ex-tempore-fasenk-v-markovcih-2023","status":"publish","type":"post","link":"http:\/\/www.fotoklub-maribor.si\/klub\/2022\/12\/15\/fotografski-ex-tempore-fasenk-v-markovcih-2023\/","title":{"rendered":"FOTOGRAFSKI EX-TEMPORE \u201cFA\u0160ENK V MARKOVCIH 2023\u201d"},"content":{"rendered":"\n<p>1. ORGANIZATOR<\/p>\n\n\n\n<p>Fotoklub Maribor in ob\u010dina Markovci<\/p>\n\n\n\n<p>2. INFORMACIJE<\/p>\n\n\n\n<p>e-po\u0161ta:&nbsp;fotomaraton.maribor@gmail.com<\/p>\n\n\n\n<p>gsm: 051 336 991 \u2013 Branimir Ritonja<\/p>\n\n\n\n<p>gsm: 041 653 885 \u2013 Jo\u017ee Marini\u010d<\/p>\n\n\n\n<p>gsm: 041 654 762 \u2013 Bojan \u0160enet<\/p>\n\n\n\n<p>gsm: 031 689 116 \u2013 Miha Kacafura<\/p>\n\n\n\n<p>3. ORGANIZACIJSKI ODBOR<\/p>\n\n\n\n<p><\/p>\n\n\n\n<p>Bojan \u0160enet, Miha Kacafura, Du\u0161an Gaj\u0161ek,Branimir Ritonja in Jo\u017ee Marini\u010d<\/p>\n\n\n\n<p>4. OMEJITVE EX-TEMPORA<\/p>\n\n\n\n<p>Lokacija: fotografije morajo biti posnete na obmo\u010dju ob\u010dine Markovci.<\/p>\n\n\n\n<p>\u010cas: fotografije morajo biti posnete v soboto 18.2.2023, med 12 in 18 uro.<\/p>\n\n\n\n<p>5. \u010cASOVNI RAZPORED<\/p>\n\n\n\n<p>Oddaja del: do 10.3.2023<\/p>\n\n\n\n<p>\u017diriranje: do 20.03.2023<\/p>\n\n\n\n<p>Objava rezultatov: do 27.3.2023 (individualno vsakemu udele\u017eencu po e-po\u0161ti).<\/p>\n\n\n\n<p>Odprtje razstave in podelitev nagrad. xxxxx \u0161e ni dolo\u010deno: v razstavnih prostorih Ob\u010dine Markovci.<\/p>\n\n\n\n<p>Na dan odprtja razstave bo tudi podelitev nagrad ter projekcija vseh sprejetih in nagrajenih fotografij.<\/p>\n\n\n\n<p>Pridr\u017eujemo si pravico do spremembe datumov.<\/p>\n\n\n\n<p>5.1 NAGRADE<\/p>\n\n\n\n<p>Podeljene bodo tri nagrade. Vrednostni bon za nakup fotografske opreme v vi\u0161ini 150, 100 in 50 eur. <\/p>\n\n\n\n<p>6. \u017dIRIJA<\/p>\n\n\n\n<p>prof. dr, Marjeta Ciglene\u010dki, umetnostna zgodovinarka<\/p>\n\n\n\n<p>Branimir Ritonja, mojster fotografije<\/p>\n\n\n\n<p>Milan Gabrovec prof. \u017eupan Ob\u010dine Markoci<\/p>\n\n\n\n<p>Odlo\u010ditev \u017eirije je dokon\u010dna, prito\u017ebe niso mo\u017ene.<\/p>\n\n\n\n<p>7. TEMA RAZSTAVE<\/p>\n\n\n\n<p>Tema: \u201cFa\u0161enk v Markovcih\u201d, povorka pustnih mask, pustne \u0161eme, skupine, kurenti, ljudje, obiskovalci, doma\u010dini\u2026<\/p>\n\n\n\n<p>Fotografije so lahko barvne ali \u010drno-bele.<\/p>\n\n\n\n<p>Dovoljeno je obrezovanje, korektura svetlobe, kontrasta in ostrine.<\/p>\n\n\n\n<p>Ni dovoljeno dodajanje, preselitev, zamenjava ali odstranitev slikovnih elementov.<\/p>\n\n\n\n<p>8. POGOJI SODELOVANJA<\/p>\n\n\n\n<p>Na nate\u010daju lahko sodelujejo amaterski in profesionalni fotografi.<\/p>\n\n\n\n<p>Vsak sodelujo\u010di lahko odda do najve\u010d 6 fotografij.<\/p>\n\n\n\n<p>Avtor z oddajo fotografij na nate\u010daju sogla\u0161a, da organizator lahko uporabi izbrane fotografije za razstavo ter projekcijo na odprtju razstave in za promocijo prireditve.<\/p>\n\n\n\n<p>Z oddajo fotografij in prijavo avtor sprejema pogoje razpisa.<\/p>\n\n\n\n<p>Avtorji bodo o rezultatih obve\u0161\u010deni po elektronski po\u0161ti, sprejete in nagrajene fotografije bodo objavljene v digitalnem katalogu na spletni strani fotokluba Maribor in na Facebook strani Fotokluba Maribor.<\/p>\n\n\n\n<p>9. PRIJAVA IN PRIPRAVA FOTOGRAFIJ<\/p>\n\n\n\n<p>Vsa dela morajo biti oddana preko elektronske po\u0161te na naslov:&nbsp;extempore.markovci@gmail.com<\/p>\n\n\n\n<p>Za oddajo del priporo\u010damo uporabo spletne aplikacije WeTransfer.<\/p>\n\n\n\n<p>Sprejemamo samo digitalne fotografije v formatu jpg, resolucija 300 dpi ali ve\u010d.<\/p>\n\n\n\n<p>Dalj\u0161a stranica fotografije naj meri najmanj 3000 pik.<\/p>\n\n\n\n<p>Razmerje stranic posamezne fotografije mora biti 2:3 ali 3:4 (fotografije so lahko horizontalne ali vertikalne).&nbsp;<\/p>\n\n\n\n<p>Fotografije oddane v drugih formatih (panoramski, kvadraten, \u2026) bodo izlo\u010dena in ne bodo ocenjena.<\/p>\n\n\n\n<p>Fotografijam ni dovoljeno dodajati robov, napisov ali podpisov in okvirjev.<\/p>\n\n\n\n<p>Fotografije morajo biti v celoti avtorsko delo sodelujo\u010dega, za kar ta tudi prevzema vso odgovornost.<\/p>\n\n\n\n<p>Ob oddaji del je potrebno navesti: osebne in kontaktne podatke (ime in priimek, po\u0161tni naslov, e-naslov, tel.) in naslov fotografije.<\/p>\n\n\n\n<p>Datoteke, ki ne bodo ustrezale predpisanim pogojem, bodo izlo\u010dene pred \u017eiriranjem.<\/p>\n\n\n\n<p>10. PRISTOJBINA<\/p>\n\n\n\n<p>Pristojbine NI.<\/p>\n\n\n\n<p>11. OZNA\u010cEVANJE DATOTEK<\/p>\n\n\n\n<p>Vse oddane fotografije morajo biti poimenovane.<\/p>\n\n\n\n<p>Naziv fotografije NAJ VSEBUJE ime in priimek avtorja in ne sme biti dalj\u0161i od 20 znakov, npr.: miha_kos_fasenk.<\/p>\n\n\n\n<p>Prosimo, da pri poimenovanju datotek\/fotografij ne uporabljate \u0161umnikov!<\/p>\n\n\n\n<p>12. NAGRADE<\/p>\n\n\n\n<p>Najbolj\u0161e fotografije bodo nagrajene: prva nagrada 150 EUR, druga nagrada 100 EUR in tretja nagrada 50 EUR.&nbsp;<\/p>\n\n\n\n<p>14. ODDAJA DEL<\/p>\n\n\n\n<p>Fotografije morajo biti oddane skladno z navodili in izklju\u010dno&nbsp;na e-naslov:&nbsp;extempore.markovci@gmail.com<\/p>\n\n\n\n<p>najkasneje do 10.03.2023.<\/p>\n\n\n\n<p>Trasa povorke:<\/p>\n\n\n\n<figure class=\"wp-block-image size-large\"><img loading=\"lazy\" decoding=\"async\" width=\"1024\" height=\"814\" src=\"https:\/\/www.fotoklub-maribor.si\/klub\/wp-content\/uploads\/sites\/2\/2023\/01\/Trasa-Zabovci-Markoci-1024x814.jpg\" alt=\"\" class=\"wp-image-1079\" srcset=\"http:\/\/www.fotoklub-maribor.si\/klub\/wp-content\/uploads\/sites\/2\/2023\/01\/Trasa-Zabovci-Markoci-1024x814.jpg 1024w, http:\/\/www.fotoklub-maribor.si\/klub\/wp-content\/uploads\/sites\/2\/2023\/01\/Trasa-Zabovci-Markoci-300x238.jpg 300w, http:\/\/www.fotoklub-maribor.si\/klub\/wp-content\/uploads\/sites\/2\/2023\/01\/Trasa-Zabovci-Markoci-768x610.jpg 768w, http:\/\/www.fotoklub-maribor.si\/klub\/wp-content\/uploads\/sites\/2\/2023\/01\/Trasa-Zabovci-Markoci-1536x1221.jpg 1536w, http:\/\/www.fotoklub-maribor.si\/klub\/wp-content\/uploads\/sites\/2\/2023\/01\/Trasa-Zabovci-Markoci-2048x1628.jpg 2048w\" sizes=\"(max-width: 1024px) 100vw, 1024px\" \/><\/figure>\n","protected":false},"excerpt":{"rendered":"<p>1. ORGANIZATOR Fotoklub Maribor in ob\u010dina Markovci 2. INFORMACIJE e-po\u0161ta:&nbsp;fotomaraton.maribor@gmail.com gsm: 051 336 991 \u2013 Branimir Ritonja gsm: 041 653 885 \u2013 Jo\u017ee Marini\u010d gsm: 041 654 762 \u2013 Bojan \u0160enet gsm: 031 689 116 \u2013 Miha Kacafura 3. ORGANIZACIJSKI ODBOR Bojan \u0160enet, Miha Kacafura, Du\u0161an Gaj\u0161ek,Branimir Ritonja in Jo\u017ee Marini\u010d 4. OMEJITVE EX-TEMPORA Lokacija: [&hellip;]<\/p>\n","protected":false},"author":2,"featured_media":380,"comment_status":"closed","ping_status":"closed","sticky":false,"template":"","format":"standard","meta":{"footnotes":""},"categories":[3],"tags":[],"class_list":["post-1064","post","type-post","status-publish","format-standard","has-post-thumbnail","hentry","category-novice"],"_links":{"self":[{"href":"http:\/\/www.fotoklub-maribor.si\/klub\/wp-json\/wp\/v2\/posts\/1064"}],"collection":[{"href":"http:\/\/www.fotoklub-maribor.si\/klub\/wp-json\/wp\/v2\/posts"}],"about":[{"href":"http:\/\/www.fotoklub-maribor.si\/klub\/wp-json\/wp\/v2\/types\/post"}],"author":[{"embeddable":true,"href":"http:\/\/www.fotoklub-maribor.si\/klub\/wp-json\/wp\/v2\/users\/2"}],"replies":[{"embeddable":true,"href":"http:\/\/www.fotoklub-maribor.si\/klub\/wp-json\/wp\/v2\/comments?post=1064"}],"version-history":[{"count":8,"href":"http:\/\/www.fotoklub-maribor.si\/klub\/wp-json\/wp\/v2\/posts\/1064\/revisions"}],"predecessor-version":[{"id":1080,"href":"http:\/\/www.fotoklub-maribor.si\/klub\/wp-json\/wp\/v2\/posts\/1064\/revisions\/1080"}],"wp:featuredmedia":[{"embeddable":true,"href":"http:\/\/www.fotoklub-maribor.si\/klub\/wp-json\/wp\/v2\/media\/380"}],"wp:attachment":[{"href":"http:\/\/www.fotoklub-maribor.si\/klub\/wp-json\/wp\/v2\/media?parent=1064"}],"wp:term":[{"taxonomy":"category","embeddable":true,"href":"http:\/\/www.fotoklub-maribor.si\/klub\/wp-json\/wp\/v2\/categories?post=1064"},{"taxonomy":"post_tag","embeddable":true,"href":"http:\/\/www.fotoklub-maribor.si\/klub\/wp-json\/wp\/v2\/tags?post=1064"}],"curies":[{"name":"wp","href":"https:\/\/api.w.org\/{rel}","templated":true}]}}