  {"id":1073,"date":"2023-01-04T08:39:54","date_gmt":"2023-01-04T08:39:54","guid":{"rendered":"http:\/\/www.fotoklub-maribor.si\/klub\/?p=1073"},"modified":"2024-01-25T06:34:08","modified_gmt":"2024-01-25T06:34:08","slug":"fotografija-cetrtletja-pusne-seme","status":"publish","type":"post","link":"http:\/\/www.fotoklub-maribor.si\/klub\/2023\/01\/04\/fotografija-cetrtletja-pusne-seme\/","title":{"rendered":"Fotografija \u010detrtletja &#8211; pustne \u0161eme"},"content":{"rendered":"\n<p>Tema prvega \u010detrtletja 2023 je &#8220;pustne \u0161eme&#8221;. Fotografije v digitalni obliki naj bodo velikosti vsaj 2400 pix po dalj\u0161i &nbsp;stranici, v jpg formatu 9. Vsaka datoteka naj bo poimenovana z imenom in priimkom avtorja in naslovom dela. Npr.: mojca_kos_zima.jpg.&nbsp;<\/p>\n\n\n\n<p>Vsak avtor lahko po\u0161lje po eno fotografijo na naslov:&nbsp;<strong><a rel=\"noreferrer noopener\" href=\"mailto:kolekcija.fkmb@gmail.com\" target=\"_blank\">kolekcija.fkmb@gmail.com<\/a>, <\/strong>v \u010dasu med 20. in 30. marcem 2023<strong>,&nbsp;<\/strong>s pripisom fotografija \u010detrtletja&nbsp;<strong>pusne \u0161eme.&nbsp;<\/strong>Fotografije, ki ne bodo ustrezale&nbsp;predpisanim kriterijem, komisija&nbsp;ne bo obravnavala.&nbsp;&nbsp;Selektor bo izbral zmagovalno fotografijo \u010detrtletja. Zmagovalna fotografija bo objavljena&nbsp;na spletni strani kluba in na FB strani fotokluba maribor. Konec leta pa bo projekcija&nbsp;nagrajenih fotografij na velikem monitorju v Fotogaleriji STOLP.&nbsp;Sodelujejo lahko vsi \u010dlani kluba Maribor.&nbsp;<\/p>\n\n\n\n<p>Veselimo se va\u0161ega sodelovanja.<\/p>\n","protected":false},"excerpt":{"rendered":"<p>Tema prvega \u010detrtletja 2023 je &#8220;pustne \u0161eme&#8221;. Fotografije v digitalni obliki naj bodo velikosti vsaj 2400 pix po dalj\u0161i &nbsp;stranici, v jpg formatu 9. Vsaka datoteka naj bo poimenovana z imenom in priimkom avtorja in naslovom dela. Npr.: mojca_kos_zima.jpg.&nbsp; Vsak avtor lahko po\u0161lje po eno fotografijo na naslov:&nbsp;kolekcija.fkmb@gmail.com, v \u010dasu med 20. in 30. marcem [&hellip;]<\/p>\n","protected":false},"author":2,"featured_media":462,"comment_status":"closed","ping_status":"closed","sticky":false,"template":"","format":"standard","meta":{"footnotes":""},"categories":[3],"tags":[],"class_list":["post-1073","post","type-post","status-publish","format-standard","has-post-thumbnail","hentry","category-novice"],"_links":{"self":[{"href":"http:\/\/www.fotoklub-maribor.si\/klub\/wp-json\/wp\/v2\/posts\/1073"}],"collection":[{"href":"http:\/\/www.fotoklub-maribor.si\/klub\/wp-json\/wp\/v2\/posts"}],"about":[{"href":"http:\/\/www.fotoklub-maribor.si\/klub\/wp-json\/wp\/v2\/types\/post"}],"author":[{"embeddable":true,"href":"http:\/\/www.fotoklub-maribor.si\/klub\/wp-json\/wp\/v2\/users\/2"}],"replies":[{"embeddable":true,"href":"http:\/\/www.fotoklub-maribor.si\/klub\/wp-json\/wp\/v2\/comments?post=1073"}],"version-history":[{"count":2,"href":"http:\/\/www.fotoklub-maribor.si\/klub\/wp-json\/wp\/v2\/posts\/1073\/revisions"}],"predecessor-version":[{"id":1077,"href":"http:\/\/www.fotoklub-maribor.si\/klub\/wp-json\/wp\/v2\/posts\/1073\/revisions\/1077"}],"wp:featuredmedia":[{"embeddable":true,"href":"http:\/\/www.fotoklub-maribor.si\/klub\/wp-json\/wp\/v2\/media\/462"}],"wp:attachment":[{"href":"http:\/\/www.fotoklub-maribor.si\/klub\/wp-json\/wp\/v2\/media?parent=1073"}],"wp:term":[{"taxonomy":"category","embeddable":true,"href":"http:\/\/www.fotoklub-maribor.si\/klub\/wp-json\/wp\/v2\/categories?post=1073"},{"taxonomy":"post_tag","embeddable":true,"href":"http:\/\/www.fotoklub-maribor.si\/klub\/wp-json\/wp\/v2\/tags?post=1073"}],"curies":[{"name":"wp","href":"https:\/\/api.w.org\/{rel}","templated":true}]}}