  {"id":1088,"date":"2023-01-23T11:26:35","date_gmt":"2023-01-23T11:26:35","guid":{"rendered":"http:\/\/www.fotoklub-maribor.si\/klub\/?p=1088"},"modified":"2023-04-03T07:11:34","modified_gmt":"2023-04-03T07:11:34","slug":"klubski-vecer-3","status":"publish","type":"post","link":"http:\/\/www.fotoklub-maribor.si\/klub\/2023\/01\/23\/klubski-vecer-3\/","title":{"rendered":"Klubski ve\u010der"},"content":{"rendered":"\n<p>Vabilo!&nbsp;V sredo 25.1.2023 vabljen(a) na klubski ve\u010der Foto Kluba Maribor, na katerem bomo pogledali in pokomentirali projekcijo fotografij, katere so prispele na \u010detrtletne izzive.&nbsp;Zmagovalcem za posamezno \u010detrtletje pa seveda zaploskali in jim podelili priznanja.&nbsp;Torej dobimo se 25.1.2023 ob 18 uri v ateljeju FKMB, Splavarski prehod 3, drugo nadstropje.&nbsp;Se vidimo.<\/p>\n","protected":false},"excerpt":{"rendered":"<p>Vabilo!&nbsp;V sredo 25.1.2023 vabljen(a) na klubski ve\u010der Foto Kluba Maribor, na katerem bomo pogledali in pokomentirali projekcijo fotografij, katere so prispele na \u010detrtletne izzive.&nbsp;Zmagovalcem za posamezno \u010detrtletje pa seveda zaploskali in jim podelili priznanja.&nbsp;Torej dobimo se 25.1.2023 ob 18 uri v ateljeju FKMB, Splavarski prehod 3, drugo nadstropje.&nbsp;Se vidimo.<\/p>\n","protected":false},"author":2,"featured_media":955,"comment_status":"closed","ping_status":"closed","sticky":false,"template":"","format":"standard","meta":{"footnotes":""},"categories":[1],"tags":[],"class_list":["post-1088","post","type-post","status-publish","format-standard","has-post-thumbnail","hentry","category-uncategorized"],"_links":{"self":[{"href":"http:\/\/www.fotoklub-maribor.si\/klub\/wp-json\/wp\/v2\/posts\/1088"}],"collection":[{"href":"http:\/\/www.fotoklub-maribor.si\/klub\/wp-json\/wp\/v2\/posts"}],"about":[{"href":"http:\/\/www.fotoklub-maribor.si\/klub\/wp-json\/wp\/v2\/types\/post"}],"author":[{"embeddable":true,"href":"http:\/\/www.fotoklub-maribor.si\/klub\/wp-json\/wp\/v2\/users\/2"}],"replies":[{"embeddable":true,"href":"http:\/\/www.fotoklub-maribor.si\/klub\/wp-json\/wp\/v2\/comments?post=1088"}],"version-history":[{"count":1,"href":"http:\/\/www.fotoklub-maribor.si\/klub\/wp-json\/wp\/v2\/posts\/1088\/revisions"}],"predecessor-version":[{"id":1089,"href":"http:\/\/www.fotoklub-maribor.si\/klub\/wp-json\/wp\/v2\/posts\/1088\/revisions\/1089"}],"wp:featuredmedia":[{"embeddable":true,"href":"http:\/\/www.fotoklub-maribor.si\/klub\/wp-json\/wp\/v2\/media\/955"}],"wp:attachment":[{"href":"http:\/\/www.fotoklub-maribor.si\/klub\/wp-json\/wp\/v2\/media?parent=1088"}],"wp:term":[{"taxonomy":"category","embeddable":true,"href":"http:\/\/www.fotoklub-maribor.si\/klub\/wp-json\/wp\/v2\/categories?post=1088"},{"taxonomy":"post_tag","embeddable":true,"href":"http:\/\/www.fotoklub-maribor.si\/klub\/wp-json\/wp\/v2\/tags?post=1088"}],"curies":[{"name":"wp","href":"https:\/\/api.w.org\/{rel}","templated":true}]}}