  {"id":1162,"date":"2024-01-10T07:35:56","date_gmt":"2024-01-10T07:35:56","guid":{"rendered":"http:\/\/www.fotoklub-maribor.si\/klub\/?p=1162"},"modified":"2024-01-25T06:31:01","modified_gmt":"2024-01-25T06:31:01","slug":"xxii-pannonia-fotoszalon-veszprem-2023","status":"publish","type":"post","link":"http:\/\/www.fotoklub-maribor.si\/klub\/2024\/01\/10\/xxii-pannonia-fotoszalon-veszprem-2023\/","title":{"rendered":"XXII. Pann\u00f3nia Fot\u00f3szalon Veszpr\u00e9m 2023."},"content":{"rendered":"\n<p>na razstavi fotoklubov je Fotoklub Maribor prejel prvo mesto. <\/p>\n\n\n\n<p><a href=\"http:\/\/www.fotoklub-maribor.si\/klub\/wp-content\/uploads\/sites\/2\/2024\/01\/XXII.-Pannonia-Foto-Diaszalon-1.pdf\">Katalog<\/a><\/p>\n","protected":false},"excerpt":{"rendered":"<p>na razstavi fotoklubov je Fotoklub Maribor prejel prvo mesto. Katalog<\/p>\n","protected":false},"author":2,"featured_media":1164,"comment_status":"closed","ping_status":"closed","sticky":false,"template":"","format":"standard","meta":{"footnotes":""},"categories":[3],"tags":[],"class_list":["post-1162","post","type-post","status-publish","format-standard","has-post-thumbnail","hentry","category-novice"],"_links":{"self":[{"href":"http:\/\/www.fotoklub-maribor.si\/klub\/wp-json\/wp\/v2\/posts\/1162"}],"collection":[{"href":"http:\/\/www.fotoklub-maribor.si\/klub\/wp-json\/wp\/v2\/posts"}],"about":[{"href":"http:\/\/www.fotoklub-maribor.si\/klub\/wp-json\/wp\/v2\/types\/post"}],"author":[{"embeddable":true,"href":"http:\/\/www.fotoklub-maribor.si\/klub\/wp-json\/wp\/v2\/users\/2"}],"replies":[{"embeddable":true,"href":"http:\/\/www.fotoklub-maribor.si\/klub\/wp-json\/wp\/v2\/comments?post=1162"}],"version-history":[{"count":2,"href":"http:\/\/www.fotoklub-maribor.si\/klub\/wp-json\/wp\/v2\/posts\/1162\/revisions"}],"predecessor-version":[{"id":1168,"href":"http:\/\/www.fotoklub-maribor.si\/klub\/wp-json\/wp\/v2\/posts\/1162\/revisions\/1168"}],"wp:featuredmedia":[{"embeddable":true,"href":"http:\/\/www.fotoklub-maribor.si\/klub\/wp-json\/wp\/v2\/media\/1164"}],"wp:attachment":[{"href":"http:\/\/www.fotoklub-maribor.si\/klub\/wp-json\/wp\/v2\/media?parent=1162"}],"wp:term":[{"taxonomy":"category","embeddable":true,"href":"http:\/\/www.fotoklub-maribor.si\/klub\/wp-json\/wp\/v2\/categories?post=1162"},{"taxonomy":"post_tag","embeddable":true,"href":"http:\/\/www.fotoklub-maribor.si\/klub\/wp-json\/wp\/v2\/tags?post=1162"}],"curies":[{"name":"wp","href":"https:\/\/api.w.org\/{rel}","templated":true}]}}