  {"id":1169,"date":"2024-01-10T13:53:40","date_gmt":"2024-01-10T13:53:40","guid":{"rendered":"http:\/\/www.fotoklub-maribor.si\/klub\/?p=1169"},"modified":"2024-04-03T16:41:41","modified_gmt":"2024-04-03T16:41:41","slug":"ex-tempore-fasenk-v-markovcih-2024","status":"publish","type":"post","link":"http:\/\/www.fotoklub-maribor.si\/klub\/2024\/01\/10\/ex-tempore-fasenk-v-markovcih-2024\/","title":{"rendered":"EX TEMPORE &#8211; FA\u0160ENK V MARKOVCIH 2024"},"content":{"rendered":"\n<p><\/p>\n\n\n\n<p><strong>1. ORGANIZATOR<\/strong><\/p>\n\n\n\n<p>Fotoklub Maribor in ob\u010dina Markovci<\/p>\n\n\n\n<p><strong>Rezultati \u017eiriranja EX TEMPORE FA\u0160ENK V MARKOVCIH<\/strong><\/p>\n\n\n\n<p><br>Sodeluje 35 avtorjev s 305 fotografijami. <\/p>\n\n\n\n<p>\u017dirija je po dogovoru z organizatorjem za razstavo, na vsako temo izbrala po 8 fotografij in v vsaki temi izbrala in nagradila po eno fotografijo. \u010cestitke vsem.<\/p>\n\n\n\n<p><strong>Tema A<\/strong>&nbsp;<strong>lik kurenta<\/strong><\/p>\n\n\n\n<p>Dejan Kokol, Kurent 3 \u2013 najbolj\u0161a fotografija na temo A<\/p>\n\n\n\n<p>Ales \u017diberna, Preganjanje_zime<\/p>\n\n\n\n<p>Ivo Usar, Kurenti<\/p>\n\n\n\n<p>Kaja Kristovi\u010d, sam<\/p>\n\n\n\n<p>Marjan Verc, Pozer<\/p>\n\n\n\n<p>Matja\u017e Simi\u010d, kurenti 2<\/p>\n\n\n\n<p>Mihael Brun\u010dko, Kurent<\/p>\n\n\n\n<p>Mojca Cvirn, Kurent<\/p>\n\n\n\n<p><\/p>\n\n\n\n<p><\/p>\n\n\n\n<p><\/p>\n\n\n\n<p><strong>Tema B<\/strong>&nbsp;<strong>so\u017eitja doma\u010dega dvori\u0161\u010da s pustno povorko<\/strong><\/p>\n\n\n\n<p>Ales \u017diberna, Pri gospodinji \u2013 najbolj\u0161a fotografija na temo c&nbsp;<\/p>\n\n\n\n<p>Anita Kirbi\u0161, dvori\u0161\u010da (2)<\/p>\n\n\n\n<p>Bojan \u0160enet, Izvolite<\/p>\n\n\n\n<p>Dragica Ggrobelnik, podoma\u010de<\/p>\n\n\n\n<p>Du\u0161an Gaj\u0161ek, Krofi za k<strong>u<\/strong>rente<\/p>\n\n\n\n<p>Ivo Usar, Pri\u010dakovanje mask<\/p>\n\n\n\n<p>Jo\u0161ko Simi\u010d, Sprejem na domu<\/p>\n\n\n\n<p>Mojca Cvirn, Pogostitev<\/p>\n\n\n\n<p><\/p>\n\n\n\n<p><strong>Tema C pustna povorka<\/strong><\/p>\n\n\n\n<p>Bojan \u0160enet, Poka\u010di<\/p>\n\n\n\n<p>Bojan \u0160nut, fa\u0161ank_5<\/p>\n\n\n\n<p>Du\u0161an_Gaj\u0161ek, Ciganke<\/p>\n\n\n\n<p>Igor Porekar, ruse<\/p>\n\n\n\n<p>Janja Cizelj, fasenk&nbsp;<\/p>\n\n\n\n<p>Mojca Cvirn, Cigani<\/p>\n\n\n\n<p>Mojca Cvirn, Med oblaki \u2013 nabolj\u0161a fotografija na temo C<\/p>\n\n\n\n<p>Silvo Ramsk, ples<\/p>\n\n\n\n<p><strong>\u017dirija:<\/strong><\/p>\n\n\n\n<p><strong><em>Prof. dr. Mrjeta Ciglane\u010dki, um. Zg.<\/em><\/strong><\/p>\n\n\n\n<p><strong><em>Stojan Kerbler, mojster fotografije<\/em><\/strong><\/p>\n\n\n\n<p><strong><em>Branimir Ritonja, mojster fotografije<\/em><\/strong><\/p>\n\n\n\n<p>Odlo\u010ditev \u017eirije je dokon\u010dna!<\/p>\n\n\n\n<p><\/p>\n\n\n\n<p><\/p>\n\n\n\n<p><strong>2. INFORMACIJE<\/strong><\/p>\n\n\n\n<p>e-po\u0161ta:&nbsp;info@fotoklub-maribor.si<\/p>\n\n\n\n<p>gsm: 041 654 762 \u2013 Bojan \u0160enet<\/p>\n\n\n\n<p>gsm: 031 689 116 \u2013 Miha Kacafura&nbsp;<\/p>\n\n\n\n<p>gsm: 051 336 991 \u2013 Branimir Ritonja<\/p>\n\n\n\n<p><strong>3. ORGANIZACIJSKI ODBOR<\/strong><\/p>\n\n\n\n<p>Bojan \u0160enet, Miha Kacafura, Du\u0161an Gaj\u0161ek,&nbsp;Branimir Ritonja in Jo\u017ee Marini\u010d<\/p>\n\n\n\n<p><strong>4. OMEJITVE EX-TEMPORA<\/strong><\/p>\n\n\n\n<p>Lokacija: fotografije morajo biti posnete na obmo\u010dju ob\u010dine Markovci.<\/p>\n\n\n\n<p>\u010cas: fotografije morajo biti posnete v soboto 10.2.2024, med 12 in 18 uro&nbsp;(\u010das trajanja povorke)<\/p>\n\n\n\n<p><strong>5. \u010cASOVNI RAZPORED<\/strong><\/p>\n\n\n\n<p>Oddaja del:&nbsp;od 21.2.2024 do vklju\u010dno 29.2.2024&nbsp;<\/p>\n\n\n\n<p>\u017diriranje:&nbsp;&nbsp;11.03.2024<\/p>\n\n\n\n<p>Objava rezultatov: do 24.3.2024&nbsp;(individualno vsakemu udele\u017eencu po e-po\u0161ti).<\/p>\n\n\n\n<p>Odprtje razstave in podelitev nagrad.&nbsp;(XXXX&nbsp;&#8211;&nbsp;\u0161e ni dolo\u010deno, bo javljeno naknadno na www straneh kluba)&nbsp;v razstavnih prostorih Ob\u010dine Markovci.<\/p>\n\n\n\n<p>Na dan odprtja razstave bo tudi podelitev nagrad.<\/p>\n\n\n\n<p>Pridr\u017eujemo si pravico do spremembe datumov.<\/p>\n\n\n\n<p><strong>5.1 NAGRADE<\/strong><\/p>\n\n\n\n<p>Podeljene bodo tri nagrade. Vrednostni bon za nakup fotografske opreme v vi\u0161ini 100 EUR.&nbsp;<\/p>\n\n\n\n<ul class=\"wp-block-list\"><li>Najbolj\u0161a fotografija, ki prikazuje lik kurenta<\/li><li>Najbolj\u0161a fotografija kot prikaz so\u017eitja doma\u010dega dvori\u0161\u010da s pustno povorko<\/li><li>Najbolj\u0161a fotografija prikaza pustne povorke<\/li><\/ul>\n\n\n\n<p><strong>6. \u017dIRIJA<\/strong><\/p>\n\n\n\n<p>prof. dr.&nbsp;Marjeta Ciglene\u010dki, umetnostna zgodovinarka<\/p>\n\n\n\n<p>Stojan Kerbler, mojster fotografije<\/p>\n\n\n\n<p>Branimir Ritonja, mojster fotografije<\/p>\n\n\n\n<p>Odlo\u010ditev \u017eirije je dokon\u010dna, prito\u017ebe niso mo\u017ene.<\/p>\n\n\n\n<p><strong>7. TEM<\/strong><strong>E<\/strong><strong><\/strong><strong><\/strong><\/p>\n\n\n\n<p><strong>A Najbolj\u0161a fotografija, ki prikazuje lik kurenta<\/strong><strong><\/strong><\/p>\n\n\n\n<p><strong>B Najbolj\u0161a fotografija kot prikaz so\u017eitja doma\u010dega dvori\u0161\u010da s pustno povorko<\/strong><strong><\/strong><\/p>\n\n\n\n<p><strong>C Najbolj\u0161a fotografija prikaza pustne povorke<\/strong><strong><\/strong><\/p>\n\n\n\n<p>Fotografije so lahko barvne ali \u010drno-bele.<\/p>\n\n\n\n<p>Dovoljeno je obrezovanje, korektura svetlobe, kontrasta in ostrine.<\/p>\n\n\n\n<p>Ni dovoljeno dodajanje, preselitev, zamenjava ali odstranitev slikovnih elementov.<\/p>\n\n\n\n<p><strong>8. POGOJI SODELOVANJA<\/strong><\/p>\n\n\n\n<p>Na nate\u010daju lahko sodelujejo amaterski in profesionalni fotografi.<\/p>\n\n\n\n<p>Vsak sodelujo\u010di lahko odda do&nbsp;4&nbsp;fotografije na posamezno temo.&nbsp;<\/p>\n\n\n\n<p>Avtor z oddajo fotografij na nate\u010daju sogla\u0161a, da organizator lahko uporabi izbrane fotografije za razstavo&nbsp;&nbsp;in za&nbsp;nadaljno&nbsp;promocijo prireditve.<\/p>\n\n\n\n<p>Z oddajo fotografij in prijavo avtor sprejema pogoje razpisa.<\/p>\n\n\n\n<p>Avtorji bodo o rezultatih obve\u0161\u010deni po elektronski po\u0161ti.&nbsp;Fotografije nagrajene&nbsp;in sprejete na razstavo&nbsp;&nbsp;bodo objavljene na spletni strani&nbsp;Fotokluba Maribor in na Facebook strani Fotokluba Maribor.<\/p>\n\n\n\n<p><strong>9. PRIJAVA IN PRIPRAVA FOTOGRAFIJ<\/strong><\/p>\n\n\n\n<p>Vsa dela morajo biti oddana preko elektronske po\u0161te na naslov:&nbsp;<a href=\"mailto:extempore.markovci@gmail.com\">extempore.markovci@gmail.com<\/a><\/p>\n\n\n\n<p>Za oddajo del priporo\u010damo uporabo spletne aplikacije WeTransfer.<\/p>\n\n\n\n<p>Sprejemamo samo digitalne fotografije v formatu jpg, resolucija 300 dpi ali ve\u010d.<\/p>\n\n\n\n<p>Dalj\u0161a stranica fotografije naj meri najmanj 3000 pik.<\/p>\n\n\n\n<p>Razmerje stranic posamezne fotografije mora biti 2:3 ali 3:4 (fotografije so lahko horizontalne ali vertikalne).&nbsp;<\/p>\n\n\n\n<p>Fotografije oddane v drugih formatih (panoramski, kvadraten, \u2026) bodo izlo\u010dene&nbsp;in ne&nbsp;gredo v&nbsp;&nbsp;ocenjevanje.<\/p>\n\n\n\n<p>Fotografijam ni dovoljeno dodajati robov, napisov ali podpisov in okvirjev.<\/p>\n\n\n\n<p>Fotografije morajo biti v celoti avtorsko delo sodelujo\u010dega, za kar ta tudi prevzema vso odgovornost.<\/p>\n\n\n\n<p>Ob oddaji del je potrebno navesti: osebne in kontaktne podatke (ime in priimek, po\u0161tni naslov, e-naslov, tel.) in naslov fotografije.<\/p>\n\n\n\n<p><strong>10. PRISTOJBINA<\/strong><\/p>\n\n\n\n<p>Pristojbine NI.<\/p>\n\n\n\n<p><strong>11. OZNA\u010cEVANJE DATOTEK<\/strong><\/p>\n\n\n\n<p>Vse oddane fotografije morajo biti poimenovane.<\/p>\n\n\n\n<p>Naziv fotografije NAJ VSEBUJE:&nbsp;&nbsp;ime in priimek avtorja, tema in naslov fotografije&nbsp;in ne sme biti dalj\u0161i od 25znakov, npr.: miha_kos_A_fasenk<\/p>\n\n\n\n<p>Prosimo, da pri poimenovanju datotek\/fotografij ne uporabljate \u0161umnikov!<\/p>\n\n\n\n<p><strong>12. OPOMBA<\/strong><\/p>\n\n\n\n<p>Datoteke, ki ne bodo ustrezale predpisanim pogojem, bodo izlo\u010dene pred \u017eiriranjem.<\/p>\n","protected":false},"excerpt":{"rendered":"<p>1. ORGANIZATOR Fotoklub Maribor in ob\u010dina Markovci Rezultati \u017eiriranja EX TEMPORE FA\u0160ENK V MARKOVCIH Sodeluje 35 avtorjev s 305 fotografijami. \u017dirija je po dogovoru z organizatorjem za razstavo, na vsako temo izbrala po 8 fotografij in v vsaki temi izbrala in nagradila po eno fotografijo. \u010cestitke vsem. Tema A&nbsp;lik kurenta Dejan Kokol, Kurent 3 \u2013 [&hellip;]<\/p>\n","protected":false},"author":2,"featured_media":1170,"comment_status":"closed","ping_status":"closed","sticky":false,"template":"","format":"standard","meta":{"footnotes":""},"categories":[3],"tags":[],"class_list":["post-1169","post","type-post","status-publish","format-standard","has-post-thumbnail","hentry","category-novice"],"_links":{"self":[{"href":"http:\/\/www.fotoklub-maribor.si\/klub\/wp-json\/wp\/v2\/posts\/1169"}],"collection":[{"href":"http:\/\/www.fotoklub-maribor.si\/klub\/wp-json\/wp\/v2\/posts"}],"about":[{"href":"http:\/\/www.fotoklub-maribor.si\/klub\/wp-json\/wp\/v2\/types\/post"}],"author":[{"embeddable":true,"href":"http:\/\/www.fotoklub-maribor.si\/klub\/wp-json\/wp\/v2\/users\/2"}],"replies":[{"embeddable":true,"href":"http:\/\/www.fotoklub-maribor.si\/klub\/wp-json\/wp\/v2\/comments?post=1169"}],"version-history":[{"count":11,"href":"http:\/\/www.fotoklub-maribor.si\/klub\/wp-json\/wp\/v2\/posts\/1169\/revisions"}],"predecessor-version":[{"id":1205,"href":"http:\/\/www.fotoklub-maribor.si\/klub\/wp-json\/wp\/v2\/posts\/1169\/revisions\/1205"}],"wp:featuredmedia":[{"embeddable":true,"href":"http:\/\/www.fotoklub-maribor.si\/klub\/wp-json\/wp\/v2\/media\/1170"}],"wp:attachment":[{"href":"http:\/\/www.fotoklub-maribor.si\/klub\/wp-json\/wp\/v2\/media?parent=1169"}],"wp:term":[{"taxonomy":"category","embeddable":true,"href":"http:\/\/www.fotoklub-maribor.si\/klub\/wp-json\/wp\/v2\/categories?post=1169"},{"taxonomy":"post_tag","embeddable":true,"href":"http:\/\/www.fotoklub-maribor.si\/klub\/wp-json\/wp\/v2\/tags?post=1169"}],"curies":[{"name":"wp","href":"https:\/\/api.w.org\/{rel}","templated":true}]}}