  {"id":1190,"date":"2024-03-12T06:22:15","date_gmt":"2024-03-12T06:22:15","guid":{"rendered":"http:\/\/www.fotoklub-maribor.si\/klub\/?p=1190"},"modified":"2024-04-03T16:41:26","modified_gmt":"2024-04-03T16:41:26","slug":"minarikove-brzice","status":"publish","type":"post","link":"http:\/\/www.fotoklub-maribor.si\/klub\/2024\/03\/12\/minarikove-brzice\/","title":{"rendered":"MINA\u0158IKOVE BRZICE"},"content":{"rendered":"\n<p>1. ORGANIZATOR Fotoklub Maribor, Dru\u0161tvo Natura 2020 Ru\u0161e in O\u0160 Janko<\/p>\n\n\n\n<p>Glazer Ru\u0161e<\/p>\n\n\n\n<p>2. INFORMACIJE<\/p>\n\n\n\n<p>e-po\u0161ta: info@natura2020.si<\/p>\n\n\n\n<p>gsm: 031 818 553 Milan Robi\u010d<\/p>\n\n\n\n<p>3. ORGANIZACIJSKI ODBOR<\/p>\n\n\n\n<p>Milan Robi\u010d &#8211; Predsednik dru\u0161tva Natura 2020 Ru\u0161e<\/p>\n\n\n\n<p>Ladislav Pepelnik &#8211; Ravnatelj O\u0160 Janko Glazer Ru\u0161e<\/p>\n\n\n\n<p>Mihael Kacafura &#8211; Predsednik Fotokluba Maribor<\/p>\n\n\n\n<p>4. OMEJITVE NATE\u010cAJA<\/p>\n\n\n\n<p>Lokacija: fotografije morajo biti posnete v pore\u010dju reke Lobnice.<\/p>\n\n\n\n<p>\u010cas nastanka fotografije: ni dolo\u010den<\/p>\n\n\n\n<p>5. \u010cASOVNI RAZPORED<\/p>\n\n\n\n<p>Oddaja del: do 30.4.2024<\/p>\n\n\n\n<p>\u017diriranje: do 15.05.2024<\/p>\n\n\n\n<p>Objava rezultatov: do 30.05.2024<\/p>\n\n\n\n<p>Razglasitev sprejetih in nagrajenih fotografij in podelitev nagrad. 9.6.2024: v<\/p>\n\n\n\n<p>prostorih O\u0160 Janko Glazar, Ru\u0161e.<\/p>\n\n\n\n<p>Pridr\u017eujemo si pravico do spremembe datumov (vi\u0161ja sila).<\/p>\n\n\n\n<p>5.1 NAGRADE<\/p>\n\n\n\n<p>Nagrade bodo simboli\u010dne saj gre za pomo\u010d entuzjastom Dru\u0161tva NATURA 2020, ki<\/p>\n\n\n\n<p>poskusijo o\u017eiviti zanimanje za izjemno lepo sotesko, polno miru in zdravja. Glej<\/p>\n\n\n\n<p>to\u010dko 12.<\/p>\n\n\n\n<p>6. \u017dIRIJA<\/p>\n\n\n\n<p>Milan Robi\u010d dipl. ekon. &#8211; Turisti\u010dno dru\u0161tvo Natura 2020<\/p>\n\n\n\n<p>Gregor Salamon &#8211; fotograf<\/p>\n\n\n\n<p>Anita Kirbi\u0161 &#8211; fotograf F2 FZS &#8211; Fotoklub Maribor<\/p>\n\n\n\n<p>Tajnik &#8211; Jo\u017ee Marini\u010d &#8211; fotograf F1 FZS (priprava fotografij za \u017eiriranje)<\/p>\n\n\n\n<p>Odlo\u010ditev \u017eirije je dokon\u010dna, prito\u017ebe niso mo\u017ene.<\/p>\n\n\n\n<p>7. TEMA RAZPISA<\/p>\n\n\n\n<p>MINA\u0158IKOVE BRZICE<\/p>\n\n\n\n<p>Fotografska zgodba o 400 milijonov let stari svilnati poti vodnega kroga \u010crno<\/p>\n\n\n\n<p>jezero- \u010crno morje, ki ga poganja voda Lobnica, ki prite\u010de v Dravo skozi pragozd<\/p>\n\n\n\n<p>\u0160umik. Pri tem pa skaklja \u010dez neskon\u010dno \u0161tevilo kamnitih pregrad; brzice so<\/p>\n\n\n\n<p>zna\u010dilnost za hitro Lobnico, ki ima svojo pot tudi mimo rojstne hi\u0161e Franca Mina\u0159ika,<\/p>\n\n\n\n<p>enega od znanih Ru\u0161anov, ki je ponesel v svet glas o pionirskem delu slovenske<\/p>\n\n\n\n<p>farmacije.<\/p>\n\n\n\n<p>Prav te brzice, so bile v otro\u0161kih letih njegov navdih. Svilnato zlata barva Lobnice, je<\/p>\n\n\n\n<p>bila njegov vsakdan.<\/p>\n\n\n\n<p>Pri\u010dakujemo va\u0161o kreativnost, pri fotografiranju brzic Lobnice v vseh letnih \u010dasih: od<\/p>\n\n\n\n<p>v led okovano, do z jesenskim listjem zapolnjene brzice.<\/p>\n\n\n\n<p>Torej brzice Lobnice.<\/p>\n\n\n\n<p>Fotografije so lahko barvne ali \u010drno-bele.<\/p>\n\n\n\n<p>Dovoljeno je obrezovanje, korektura svetlobe, kontrasta in ostrine. Dodajanje ali<\/p>\n\n\n\n<p>kreativno spreminjanje fotografije ni dovoljeno.<\/p>\n\n\n\n<p>8. POGOJI SODELOVANJA<\/p>\n\n\n\n<p>Na nate\u010daju lahko sodelujejo amaterski in profesionalni fotografi.<\/p>\n\n\n\n<p>Vsak sodelujo\u010di lahko odda do najve\u010d 6 fotografij.<\/p>\n\n\n\n<p>Avtor z oddajo fotografij na nate\u010daju sogla\u0161a, da organizator lahko nagrajene in<\/p>\n\n\n\n<p>izbrane fotografije uporabi za svoje potrebe, za razstavo ter morebitno projekcijo na<\/p>\n\n\n\n<p>odprtju razstave in za objavo v ob\u010dinskih publikacijah. Moralne avtorske pravice so<\/p>\n\n\n\n<p>last avtorja. Pri objavah v tiskanih medijih, letakih, na spletnih straneh bo avtor<\/p>\n\n\n\n<p>fotografije naveden.<\/p>\n\n\n\n<p>Z oddajo fotografij in prijavo avtor sprejema pogoje razpisa.<\/p>\n\n\n\n<p>Avtorji bodo o rezultatih obve\u0161\u010deni po elektronski po\u0161ti o sprejetih in nagrajenih<\/p>\n\n\n\n<p>fotografijah.<\/p>\n\n\n\n<p>9. PRIJAVA IN PRIPRAVA FOTOGRAFIJ<\/p>\n\n\n\n<p>Vsa dela morajo biti oddana preko elektronske po\u0161te na naslov:<\/p>\n\n\n\n<p>razpisi2050@gmail.com . Sprejemamo samo digitalne fotografije v formatu jpg,<\/p>\n\n\n\n<p>resolucija 300 dpi. Dalj\u0161a stranica fotografije naj meri najmanj 3000 pik. Maksimalna<\/p>\n\n\n\n<p>velikost fotografije 3Mb. Razmerje stranic posamezne fotografije mora biti 2:3 ali 3:4<\/p>\n\n\n\n<p>(fotografije so lahko horizontalne ali vertikalne). Fotografije oddane v drugih formatih<\/p>\n\n\n\n<p>(panoramski, kvadraten, \u2026) bodo izlo\u010dena in ne bodo ocenjena. Fotografijam ni<\/p>\n\n\n\n<p>dovoljeno dodajati robov, napisov ali podpisov in okvirjev. Fotografije morajo biti v<\/p>\n\n\n\n<p>celoti avtorsko delo sodelujo\u010dega, za kar ta tudi prevzema vso odgovornost. Ob<\/p>\n\n\n\n<p>oddaji del je potrebno navesti: osebne in kontaktne podatke (ime in priimek, po\u0161tni<\/p>\n\n\n\n<p>naslov, e-naslov, letnico rojstva in ter telefonsko \u0161t..) in naslov fotografij. S podatki<\/p>\n\n\n\n<p>je izpolniti prilo\u017eeno <a href=\"http:\/\/www.fotoklub-maribor.si\/klub\/wp-content\/uploads\/sites\/2\/2024\/03\/PRIJAVNICA-ZA-FOTOGRAFKI-NATECAJ-MINARIKOVE-BRZICE.pdf\">PRIJAVNICO<\/a>, ter jo skupaj s fotografijami poslati na e-naslov;<\/p>\n\n\n\n<p>razpisi2050@gmail.com . Datoteke, ki ne bodo ustrezale predpisanim pogojem,<\/p>\n\n\n\n<p>bodo izlo\u010dene pred \u017eiriranjem.<\/p>\n\n\n\n<p>10. PRISTOJBINA<\/p>\n\n\n\n<p>Pristojbine NI.<\/p>\n\n\n\n<p>11. OZNA\u010cEVANJE DATOTEK<\/p>\n\n\n\n<p>Vse oddane fotografije morajo biti poimenovane. Ime in priimek avtorja ter naslov<\/p>\n\n\n\n<p>fotografije, ne sme biti dalj\u0161i od 25 znakov, npr.: miha__kos__ Zlati slap<\/p>\n\n\n\n<p>U\u010denci O\u0160 Janko Glazer Ru\u0161e fotografije ozna\u010dujejo, npr: OS_miha_kos_ Zlati slap<\/p>\n\n\n\n<p>Prosimo, da pri poimenovanju datotek\/fotografij ne uporabljate \u0161umnikov!<\/p>\n\n\n\n<p>12. NAGRADE<\/p>\n\n\n\n<p>1. Nagrada &#8211; Bon za wellness za eno osebo \u0160PR- \u0160portni park Ru\u0161e<\/p>\n\n\n\n<p>2. Nagrada \u2013 Bon za dru\u017einsko pico v gosti\u0161\u010du Ribi\u010d v Ru\u0161ah<\/p>\n\n\n\n<p>3. Nagrada \u2013 Bon za bazen 1x obisk odrasli \u0160PR- \u0160portni park Ru\u0161e<\/p>\n\n\n\n<p>4. Pohvala<\/p>\n\n\n\n<p>5. Pohvala<\/p>\n\n\n\n<p>13. IZBRANA DELA<\/p>\n\n\n\n<p>Izbranih bo cca. (\u017eirija si dovoljuje spremembe) 30 del. Od tega bo 10 del od<\/p>\n\n\n\n<p>u\u010dencev O\u0160 Janko Glazer Ru\u0161e<\/p>\n\n\n\n<p>Vse izbrane fotografije, bodo natisnjene na fototapeto, katera bo krasila avlo O\u0160<\/p>\n\n\n\n<p>Janko Glazer Ru\u0161e.<\/p>\n\n\n\n<p>Maribor, 15.9.2023<\/p>\n\n\n\n<p><a href=\"http:\/\/www.fotoklub-maribor.si\/klub\/wp-content\/uploads\/sites\/2\/2024\/03\/PRIJAVNICA-ZA-FOTOGRAFKI-NATECAJ-MINARIKOVE-BRZICE.pdf\">PRIJAVNICA<\/a><\/p>\n","protected":false},"excerpt":{"rendered":"<p>1. ORGANIZATOR Fotoklub Maribor, Dru\u0161tvo Natura 2020 Ru\u0161e in O\u0160 Janko Glazer Ru\u0161e 2. INFORMACIJE e-po\u0161ta: info@natura2020.si gsm: 031 818 553 Milan Robi\u010d 3. ORGANIZACIJSKI ODBOR Milan Robi\u010d &#8211; Predsednik dru\u0161tva Natura 2020 Ru\u0161e Ladislav Pepelnik &#8211; Ravnatelj O\u0160 Janko Glazer Ru\u0161e Mihael Kacafura &#8211; Predsednik Fotokluba Maribor 4. OMEJITVE NATE\u010cAJA Lokacija: fotografije morajo biti [&hellip;]<\/p>\n","protected":false},"author":2,"featured_media":1191,"comment_status":"closed","ping_status":"closed","sticky":false,"template":"","format":"standard","meta":{"footnotes":""},"categories":[3],"tags":[],"class_list":["post-1190","post","type-post","status-publish","format-standard","has-post-thumbnail","hentry","category-novice"],"_links":{"self":[{"href":"http:\/\/www.fotoklub-maribor.si\/klub\/wp-json\/wp\/v2\/posts\/1190"}],"collection":[{"href":"http:\/\/www.fotoklub-maribor.si\/klub\/wp-json\/wp\/v2\/posts"}],"about":[{"href":"http:\/\/www.fotoklub-maribor.si\/klub\/wp-json\/wp\/v2\/types\/post"}],"author":[{"embeddable":true,"href":"http:\/\/www.fotoklub-maribor.si\/klub\/wp-json\/wp\/v2\/users\/2"}],"replies":[{"embeddable":true,"href":"http:\/\/www.fotoklub-maribor.si\/klub\/wp-json\/wp\/v2\/comments?post=1190"}],"version-history":[{"count":3,"href":"http:\/\/www.fotoklub-maribor.si\/klub\/wp-json\/wp\/v2\/posts\/1190\/revisions"}],"predecessor-version":[{"id":1195,"href":"http:\/\/www.fotoklub-maribor.si\/klub\/wp-json\/wp\/v2\/posts\/1190\/revisions\/1195"}],"wp:featuredmedia":[{"embeddable":true,"href":"http:\/\/www.fotoklub-maribor.si\/klub\/wp-json\/wp\/v2\/media\/1191"}],"wp:attachment":[{"href":"http:\/\/www.fotoklub-maribor.si\/klub\/wp-json\/wp\/v2\/media?parent=1190"}],"wp:term":[{"taxonomy":"category","embeddable":true,"href":"http:\/\/www.fotoklub-maribor.si\/klub\/wp-json\/wp\/v2\/categories?post=1190"},{"taxonomy":"post_tag","embeddable":true,"href":"http:\/\/www.fotoklub-maribor.si\/klub\/wp-json\/wp\/v2\/tags?post=1190"}],"curies":[{"name":"wp","href":"https:\/\/api.w.org\/{rel}","templated":true}]}}