  {"id":1278,"date":"2025-11-01T18:58:12","date_gmt":"2025-11-01T18:58:12","guid":{"rendered":"https:\/\/www.fotoklub-maribor.si\/klub\/?p=1278"},"modified":"2025-11-01T18:59:10","modified_gmt":"2025-11-01T18:59:10","slug":"vabilo-k-sodelovanju-na-fotografsko-razstavo","status":"publish","type":"post","link":"http:\/\/www.fotoklub-maribor.si\/klub\/2025\/11\/01\/vabilo-k-sodelovanju-na-fotografsko-razstavo\/","title":{"rendered":"Vabilo k sodelovanju na fotografsko razstavo"},"content":{"rendered":"\n<p><\/p>\n\n\n\n<p>\u201cFlughafen gallery &#8211; Graz\u201c<\/p>\n\n\n\n<p><strong>Tema:<\/strong>&nbsp;<em>Traveling, Flying, Moving<\/em><br><strong>\u017danr:<\/strong>&nbsp;Uli\u010dna fotografija<\/p>\n\n\n\n<p>Dragi \u010dlani Fotokluba Maribor,<\/p>\n\n\n\n<p>Imamo prilo\u017enost sodelovati na fotografski razstavi, na katero nas je povabil na\u0161 kolega iz Avstrije. Tema leto\u0161njega razpisa je&nbsp;<strong>\u201cTraveling, Flying, Moving\u201d<\/strong>, kar odpira \u0161irok prostor za ustvarjalne interpretacije gibanja v urbanem okolju, ljudskih interakcij, arhitekture in trenutkov vsakdanjega uli\u010dnega \u017eivljenja.<\/p>\n\n\n\n<p>\u017danrsko se razstava navezuje na uli\u010dno fotografijo: posnetki naj ujemajo&nbsp;<strong>dinamiko mesta, ljudi in prostora<\/strong>, odsevajo premik in gibanje ter izra\u017eajo avtorske poglede na mobilnost in trenutke prehoda.<\/p>\n\n\n\n<p><strong>Pogoji za sodelovanje:<\/strong><\/p>\n\n\n\n<p>\u00b7&nbsp;Poslane fotografije morajo biti&nbsp;<strong>avtorska dela<\/strong>.<\/p>\n\n\n\n<p>\u00b7&nbsp;Tehni\u010dni format: digitalne fotografije visoke kakovosti (JPEG) 30 x 40\/45cm, 300 dpi, primerne za tisk.<\/p>\n\n\n\n<p>\u00b7&nbsp;Vsak avtor lahko po\u0161lje do 3 fotografije.<\/p>\n\n\n\n<p>\u00b7&nbsp;Vsaka fotografija naj ima ime in priimek avtorja ter naslov (Maja Kacafura_Polet).<\/p>\n\n\n\n<p>\u00b7&nbsp;Rok za oddajo: 12. November 2025].<\/p>\n\n\n\n<p>\u00b7&nbsp;Fotografije po\u0161ljite na kolekcija.fkmb@gmail.com<\/p>\n\n\n\n<p>Naj vas tema navdihne k raziskovanju gibanja, interakcije ljudi in uli\u010dne dinamike , bodisi subtilne in intimne, bodisi ekspresivne in dramati\u010dne.&nbsp;<\/p>\n\n\n\n<p>Kon\u010dni izbor bo naredil US FK MB. Odli\u010ditev je dokon\u010dna.&nbsp;<\/p>\n\n\n\n<p>Za dodatne informacije ali vpra\u0161anja se obrnite na maja.modrinjak@gmail.com<\/p>\n\n\n\n<p>Veselimo se va\u0161ih fotografskih del!<br><strong>Fotoklub Maribor<\/strong><\/p>\n","protected":false},"excerpt":{"rendered":"<p>\u201cFlughafen gallery &#8211; Graz\u201c Tema:&nbsp;Traveling, Flying, Moving\u017danr:&nbsp;Uli\u010dna fotografija Dragi \u010dlani Fotokluba Maribor, Imamo prilo\u017enost sodelovati na fotografski razstavi, na katero nas je povabil na\u0161 kolega iz Avstrije. Tema leto\u0161njega razpisa je&nbsp;\u201cTraveling, Flying, Moving\u201d, kar odpira \u0161irok prostor za ustvarjalne interpretacije gibanja v urbanem okolju, ljudskih interakcij, arhitekture in trenutkov vsakdanjega uli\u010dnega \u017eivljenja. \u017danrsko se razstava [&hellip;]<\/p>\n","protected":false},"author":2,"featured_media":1280,"comment_status":"closed","ping_status":"closed","sticky":false,"template":"","format":"standard","meta":{"footnotes":""},"categories":[5,3],"tags":[],"class_list":["post-1278","post","type-post","status-publish","format-standard","has-post-thumbnail","hentry","category-dogodki","category-novice"],"_links":{"self":[{"href":"http:\/\/www.fotoklub-maribor.si\/klub\/wp-json\/wp\/v2\/posts\/1278"}],"collection":[{"href":"http:\/\/www.fotoklub-maribor.si\/klub\/wp-json\/wp\/v2\/posts"}],"about":[{"href":"http:\/\/www.fotoklub-maribor.si\/klub\/wp-json\/wp\/v2\/types\/post"}],"author":[{"embeddable":true,"href":"http:\/\/www.fotoklub-maribor.si\/klub\/wp-json\/wp\/v2\/users\/2"}],"replies":[{"embeddable":true,"href":"http:\/\/www.fotoklub-maribor.si\/klub\/wp-json\/wp\/v2\/comments?post=1278"}],"version-history":[{"count":1,"href":"http:\/\/www.fotoklub-maribor.si\/klub\/wp-json\/wp\/v2\/posts\/1278\/revisions"}],"predecessor-version":[{"id":1279,"href":"http:\/\/www.fotoklub-maribor.si\/klub\/wp-json\/wp\/v2\/posts\/1278\/revisions\/1279"}],"wp:featuredmedia":[{"embeddable":true,"href":"http:\/\/www.fotoklub-maribor.si\/klub\/wp-json\/wp\/v2\/media\/1280"}],"wp:attachment":[{"href":"http:\/\/www.fotoklub-maribor.si\/klub\/wp-json\/wp\/v2\/media?parent=1278"}],"wp:term":[{"taxonomy":"category","embeddable":true,"href":"http:\/\/www.fotoklub-maribor.si\/klub\/wp-json\/wp\/v2\/categories?post=1278"},{"taxonomy":"post_tag","embeddable":true,"href":"http:\/\/www.fotoklub-maribor.si\/klub\/wp-json\/wp\/v2\/tags?post=1278"}],"curies":[{"name":"wp","href":"https:\/\/api.w.org\/{rel}","templated":true}]}}