  {"id":1282,"date":"2025-12-10T11:30:56","date_gmt":"2025-12-10T11:30:56","guid":{"rendered":"https:\/\/www.fotoklub-maribor.si\/klub\/?p=1282"},"modified":"2025-12-10T11:35:18","modified_gmt":"2025-12-10T11:35:18","slug":"fotoklub-maribor","status":"publish","type":"post","link":"http:\/\/www.fotoklub-maribor.si\/klub\/2025\/12\/10\/fotoklub-maribor\/","title":{"rendered":"\u00a0fotoklub maribor"},"content":{"rendered":"\n<p><strong>fotografija pripoveduje zgodbo<\/strong><\/p>\n\n\n\n<p>letna pregledna razstava 2025<\/p>\n\n\n\n<p><\/p>\n\n\n\n<ul class=\"wp-block-list\">\n<li>Sodelujejo:<\/li>\n\n\n\n<li>AMBRO\u017d Bosiljka, ANGLEITNER Gero, BRUN\u010cKO Mihael, CIGALA Anja RUS, CIZELJ Janja, GAJ\u0160EK Du\u0161an GOBEC Leon, KACAFURA Mihael, KIRBI\u0160 Anita, KODRI\u010c Daniel, KOKANOVI\u0106 Zdravko Koki, KONI\u010cEK Branko, KORDI\u0106 Antonio, KOREN Igor, KOS P. Brane, LAZNIK Marjan, MARINI\u010c Dragica, MARINI\u010c Jo\u017ee, MODRINJAK Maja, OBLAK Vinci, PREDIKAKA Matej, PRE\u0160ERN Breda, RITONJA Branimir, RODE Ivo, SALOBIR Gregor, SOBO\u010cAN Bojan, STERGULEC Miran, \u0160ENET Bojan, URAN Rudi, USAR Ivo, VEINGERL Teodor in \u017dIBERNA Ale\u0161.<\/li>\n<\/ul>\n\n\n\n<p><\/p>\n\n\n\n<p><\/p>\n\n\n\n<p><strong><em>Fotoklub Maribor ustanovljen!&nbsp;<\/em><\/strong><\/p>\n\n\n\n<p><em>\u201cMariborski foto-amaterji so se organizirali ter ustanovili svoj klub.<\/em><\/p>\n\n\n\n<p><em>Potreba po ustanovitvi samostojnega kluba foto-amaterjev se je opa\u017eala v Mariboru \u017ee delj \u010dasa. \u017de pred dvema letoma se je vr\u0161ila akcija za ustanovitev takega kluba, vendar menda predpriprave niso bile v pravih rokah. Pred nekaj meseci se je zbrala skupina znanih \u0161portnih in kulturnih delavcev, ki si je stavila kot nalogo ustanoviti Foto \u2013 klub. Ko so vse predpriprave tako dale\u010d dozorele, je sklical pripravljalni odbor ustanovni ob\u010dni zbor, ki se je sino\u010di vr\u0161il v lovski sobi hotela Orel\u2026\u201d<\/em><\/p>\n\n\n\n<p>Tako je mariborski \u00bbVe\u010dernik\u00ab januarja 1936 z uvodnim zapisom pospremil rojstvo Fotokluba Maribor.&nbsp;<\/p>\n\n\n\n<p>\u0160tevilne samostojne in skupinske razstave na\u0161ih \u010dlanov, sodelovanja na festivalih in nate\u010dajih, visoko nagrajena in opa\u017eena dela pri\u010dajo o tem, da je fotoklub Maribor po skoraj 90. letih \u0161e zmeraj mo\u010dno dejaven in trdno ume\u0161\u010den na doma\u010dem in tujem fotografskem prizori\u0161\u010du.<\/p>\n\n\n\n<p>Za nami je jubilejni 10. Festival fotografije Maribor, ki se je po idejni zasnovi vrnil h koreninam prvega festivala, ko so razstavljali samo doma\u010di avtorji. Letos se je v sklopu festivala s samostojnimi razstavami predstavilo 15 fotografov Fotokluba Maribor.<\/p>\n\n\n\n<p>Na leto\u0161nji pregledni razstavi \u201c<em>Fotografija pripoveduje zgodbo\u201d <\/em>se predstavlja 32 najbolj ustvarjalnih avtorjev Fotokluba Maribor, kar pomeni, da aktivno ustvarja vsak tretji \u010dlan Fotokluba.<\/p>\n\n\n\n<p>Izbrana tema fotografom omogo\u010da \u0161iroke ustvarjalne zamahe. Pogledi skozi le\u010do so ujeli raznotere motive \u010dlovekovega bivanja; bodisi prisotnega v skupnosti ali kot posameznika v interakciji z okoljem.&nbsp;<\/p>\n\n\n\n<p>Naj fotografije spregovorijo.<\/p>\n\n\n\n<p>Brane P. Kos<\/p>\n\n\n\n<p>Predsednik Fotokluba Maribor<\/p>\n\n\n\n<p><\/p>\n\n\n\n<p><\/p>\n\n\n\n<p><\/p>\n","protected":false},"excerpt":{"rendered":"<p>fotografija pripoveduje zgodbo letna pregledna razstava 2025 Fotoklub Maribor ustanovljen!&nbsp; \u201cMariborski foto-amaterji so se organizirali ter ustanovili svoj klub. Potreba po ustanovitvi samostojnega kluba foto-amaterjev se je opa\u017eala v Mariboru \u017ee delj \u010dasa. \u017de pred dvema letoma se je vr\u0161ila akcija za ustanovitev takega kluba, vendar menda predpriprave niso bile v pravih rokah. Pred nekaj [&hellip;]<\/p>\n","protected":false},"author":2,"featured_media":1284,"comment_status":"closed","ping_status":"closed","sticky":false,"template":"","format":"standard","meta":{"footnotes":""},"categories":[5,3,1],"tags":[],"class_list":["post-1282","post","type-post","status-publish","format-standard","has-post-thumbnail","hentry","category-dogodki","category-novice","category-uncategorized"],"_links":{"self":[{"href":"http:\/\/www.fotoklub-maribor.si\/klub\/wp-json\/wp\/v2\/posts\/1282"}],"collection":[{"href":"http:\/\/www.fotoklub-maribor.si\/klub\/wp-json\/wp\/v2\/posts"}],"about":[{"href":"http:\/\/www.fotoklub-maribor.si\/klub\/wp-json\/wp\/v2\/types\/post"}],"author":[{"embeddable":true,"href":"http:\/\/www.fotoklub-maribor.si\/klub\/wp-json\/wp\/v2\/users\/2"}],"replies":[{"embeddable":true,"href":"http:\/\/www.fotoklub-maribor.si\/klub\/wp-json\/wp\/v2\/comments?post=1282"}],"version-history":[{"count":4,"href":"http:\/\/www.fotoklub-maribor.si\/klub\/wp-json\/wp\/v2\/posts\/1282\/revisions"}],"predecessor-version":[{"id":1288,"href":"http:\/\/www.fotoklub-maribor.si\/klub\/wp-json\/wp\/v2\/posts\/1282\/revisions\/1288"}],"wp:featuredmedia":[{"embeddable":true,"href":"http:\/\/www.fotoklub-maribor.si\/klub\/wp-json\/wp\/v2\/media\/1284"}],"wp:attachment":[{"href":"http:\/\/www.fotoklub-maribor.si\/klub\/wp-json\/wp\/v2\/media?parent=1282"}],"wp:term":[{"taxonomy":"category","embeddable":true,"href":"http:\/\/www.fotoklub-maribor.si\/klub\/wp-json\/wp\/v2\/categories?post=1282"},{"taxonomy":"post_tag","embeddable":true,"href":"http:\/\/www.fotoklub-maribor.si\/klub\/wp-json\/wp\/v2\/tags?post=1282"}],"curies":[{"name":"wp","href":"https:\/\/api.w.org\/{rel}","templated":true}]}}