  {"id":180,"date":"2019-12-29T19:16:26","date_gmt":"2019-12-29T19:16:26","guid":{"rendered":"http:\/\/www.fotoklub-maribor.si\/klub\/?p=180"},"modified":"2020-02-18T10:52:15","modified_gmt":"2020-02-18T10:52:15","slug":"elementor-180","status":"publish","type":"post","link":"http:\/\/www.fotoklub-maribor.si\/klub\/2019\/12\/29\/elementor-180\/","title":{"rendered":"PUSTNI KARNEVAL V BENETKAH"},"content":{"rendered":"\n<p>Lepota kostumov, mrkost mask in zimska spokojnost mesta na kolih, se v \u010dasu pustovanja zlijejo v fantasti\u010dno pisano celoto, ki je za fotografe pravi raj. Ne gre za klasi\u010den karneval, temve\u010d za promenado elegantnih mask, za festival uli\u010dne umetnosti z vrhunskimi predstavami plesalcev, cirkusantov \u2026 Simbola Benetk sta luna in sonce,<br>zato na\u0161emljeni Bene\u010dani, ki gojijo tradicijo karnevalov \u017ee ve\u010d kot osem stoletij, hodijo v parih in morajo poznati protokol pomikanja in obna\u0161anja, ki je karakteristi\u010den za posamezno masko.<br><br>Benetke so \u017ee kot samo mesto nekaj posebnega in obiskovalca o\u010darajo s prelepimi mostovi, pala\u010dami, cerkvami in muzeji. Markov trg, Do\u017eeva pala\u010da, Most vzdihljajev so samo nekatere izmed znamenitosti tega \u010dudovitega mesta na vodi. Ko pa se po ulicah sprehaja \u0161e ne\u0161teto krasnih bene\u0161kih mask, celotno mesto za\u017eivi v drugem prostoru in \u010dasu.&nbsp;Skratka to je raj za fotografe!<\/p>\n\n\n\n<p>Odhod iz Maribora ob 5.30. Vo\u017enja do Vrtojbe, prestop meje in nadaljevanje vo\u017enje po Italiji do Benetk. Pe\u0161 se odpravimo v center mesta, mimo tr\u017enice, do trga Sv. Marka. Sledi samostojno predajanje vrve\u017eu in pustnemu rajanju na veli\u010dastnih bene\u0161kih trgih, ob\u010dudovanje pustnih mask ter odkrivanje skrivnostnih uli\u010dic in mostov met tem pa seveda veselo fotografiranje. Povratek iz Benetk ob 18:00 uri.<\/p>\n\n\n\n<p>Stro\u0161ek delavnice, prevoz s kombijem, gorivo, cestnine in vodenje zna\u0161a 36 &nbsp;(\u010dlani kluba s pla\u010dano \u010dlanarino za 2020\/ 30 EUR).&nbsp;<\/p>\n\n\n\n<p>Do zasedbe prostih mest v kombiju. Info in prijave na: info@fotoklub-maribor.com<\/p>\n\n\n\n<p>&nbsp;<\/p>\n\n\n\n<p>&nbsp;<\/p>\n","protected":false},"excerpt":{"rendered":"<p>Lepota kostumov, mrkost mask in zimska spokojnost mesta na kolih, se v \u010dasu pustovanja zlijejo v fantasti\u010dno pisano celoto, ki je za fotografe pravi raj. Ne gre za klasi\u010den karneval, temve\u010d za promenado elegantnih mask, za festival uli\u010dne umetnosti z vrhunskimi predstavami plesalcev, cirkusantov \u2026 Simbola Benetk sta luna in sonce,zato na\u0161emljeni Bene\u010dani, ki gojijo [&hellip;]<\/p>\n","protected":false},"author":2,"featured_media":185,"comment_status":"closed","ping_status":"closed","sticky":false,"template":"","format":"standard","meta":{"footnotes":""},"categories":[3],"tags":[],"class_list":["post-180","post","type-post","status-publish","format-standard","has-post-thumbnail","hentry","category-novice"],"_links":{"self":[{"href":"http:\/\/www.fotoklub-maribor.si\/klub\/wp-json\/wp\/v2\/posts\/180"}],"collection":[{"href":"http:\/\/www.fotoklub-maribor.si\/klub\/wp-json\/wp\/v2\/posts"}],"about":[{"href":"http:\/\/www.fotoklub-maribor.si\/klub\/wp-json\/wp\/v2\/types\/post"}],"author":[{"embeddable":true,"href":"http:\/\/www.fotoklub-maribor.si\/klub\/wp-json\/wp\/v2\/users\/2"}],"replies":[{"embeddable":true,"href":"http:\/\/www.fotoklub-maribor.si\/klub\/wp-json\/wp\/v2\/comments?post=180"}],"version-history":[{"count":4,"href":"http:\/\/www.fotoklub-maribor.si\/klub\/wp-json\/wp\/v2\/posts\/180\/revisions"}],"predecessor-version":[{"id":318,"href":"http:\/\/www.fotoklub-maribor.si\/klub\/wp-json\/wp\/v2\/posts\/180\/revisions\/318"}],"wp:featuredmedia":[{"embeddable":true,"href":"http:\/\/www.fotoklub-maribor.si\/klub\/wp-json\/wp\/v2\/media\/185"}],"wp:attachment":[{"href":"http:\/\/www.fotoklub-maribor.si\/klub\/wp-json\/wp\/v2\/media?parent=180"}],"wp:term":[{"taxonomy":"category","embeddable":true,"href":"http:\/\/www.fotoklub-maribor.si\/klub\/wp-json\/wp\/v2\/categories?post=180"},{"taxonomy":"post_tag","embeddable":true,"href":"http:\/\/www.fotoklub-maribor.si\/klub\/wp-json\/wp\/v2\/tags?post=180"}],"curies":[{"name":"wp","href":"https:\/\/api.w.org\/{rel}","templated":true}]}}