  {"id":287,"date":"2020-01-16T07:30:07","date_gmt":"2020-01-16T07:30:07","guid":{"rendered":"http:\/\/www.fotoklub-maribor.si\/klub\/?p=287"},"modified":"2020-02-08T09:12:13","modified_gmt":"2020-02-08T09:12:13","slug":"presernova-nagrada-stojanu-kerblerju","status":"publish","type":"post","link":"http:\/\/www.fotoklub-maribor.si\/klub\/2020\/01\/16\/presernova-nagrada-stojanu-kerblerju\/","title":{"rendered":"Pre\u0161ernova nagrada Stojanu Kerblerju"},"content":{"rendered":"\n<p>Na\u0161 dologoletni \u010dlan, \u010dastni \u010dlan Stojak Kerbler, je prejel Pre\u0161ernovo nagrado za \u017eivljensko delo. \u010cestitamo!<\/p>\n\n\n\n<p>https:\/\/www.rtvslo.si\/kultura\/intervju\/danes-je-ni-umetnosti-v-kateri-bi-bilo-toliko-ponavljanja-kot-ga-je-pri-fotografiji\/513897?fbclid=IwAR3mBOAdPK3FOg6w6MBaQfDNqU-xAyzAPSe0n20M8KN97CcGCqg0VuCpk8A<br><\/p>\n\n\n\n<p><\/p>\n","protected":false},"excerpt":{"rendered":"<p>Na\u0161 dologoletni \u010dlan, \u010dastni \u010dlan Stojak Kerbler, je prejel Pre\u0161ernovo nagrado za \u017eivljensko delo. \u010cestitamo! https:\/\/www.rtvslo.si\/kultura\/intervju\/danes-je-ni-umetnosti-v-kateri-bi-bilo-toliko-ponavljanja-kot-ga-je-pri-fotografiji\/513897?fbclid=IwAR3mBOAdPK3FOg6w6MBaQfDNqU-xAyzAPSe0n20M8KN97CcGCqg0VuCpk8A<\/p>\n","protected":false},"author":2,"featured_media":288,"comment_status":"closed","ping_status":"closed","sticky":false,"template":"","format":"standard","meta":{"footnotes":""},"categories":[3],"tags":[],"class_list":["post-287","post","type-post","status-publish","format-standard","has-post-thumbnail","hentry","category-novice"],"_links":{"self":[{"href":"http:\/\/www.fotoklub-maribor.si\/klub\/wp-json\/wp\/v2\/posts\/287"}],"collection":[{"href":"http:\/\/www.fotoklub-maribor.si\/klub\/wp-json\/wp\/v2\/posts"}],"about":[{"href":"http:\/\/www.fotoklub-maribor.si\/klub\/wp-json\/wp\/v2\/types\/post"}],"author":[{"embeddable":true,"href":"http:\/\/www.fotoklub-maribor.si\/klub\/wp-json\/wp\/v2\/users\/2"}],"replies":[{"embeddable":true,"href":"http:\/\/www.fotoklub-maribor.si\/klub\/wp-json\/wp\/v2\/comments?post=287"}],"version-history":[{"count":7,"href":"http:\/\/www.fotoklub-maribor.si\/klub\/wp-json\/wp\/v2\/posts\/287\/revisions"}],"predecessor-version":[{"id":363,"href":"http:\/\/www.fotoklub-maribor.si\/klub\/wp-json\/wp\/v2\/posts\/287\/revisions\/363"}],"wp:featuredmedia":[{"embeddable":true,"href":"http:\/\/www.fotoklub-maribor.si\/klub\/wp-json\/wp\/v2\/media\/288"}],"wp:attachment":[{"href":"http:\/\/www.fotoklub-maribor.si\/klub\/wp-json\/wp\/v2\/media?parent=287"}],"wp:term":[{"taxonomy":"category","embeddable":true,"href":"http:\/\/www.fotoklub-maribor.si\/klub\/wp-json\/wp\/v2\/categories?post=287"},{"taxonomy":"post_tag","embeddable":true,"href":"http:\/\/www.fotoklub-maribor.si\/klub\/wp-json\/wp\/v2\/tags?post=287"}],"curies":[{"name":"wp","href":"https:\/\/api.w.org\/{rel}","templated":true}]}}