  {"id":296,"date":"2020-02-17T12:12:00","date_gmt":"2020-02-17T12:12:00","guid":{"rendered":"http:\/\/www.fotoklub-maribor.si\/klub\/?p=296"},"modified":"2020-02-22T08:45:50","modified_gmt":"2020-02-22T08:45:50","slug":"fasenk-v-markovcih-vabljeni-k-sodelovanju","status":"publish","type":"post","link":"http:\/\/www.fotoklub-maribor.si\/klub\/2020\/02\/17\/fasenk-v-markovcih-vabljeni-k-sodelovanju\/","title":{"rendered":"Fa\u0161enk v Markovcih &#8211; vabljeni na otvoritev razstave"},"content":{"rendered":"\n<p>v soboto 22. februarja 2020, ob 11:00 uri v razstavi\u0161\u010du Ob\u010dine Markovci. Razstavo bo sve\u010dano otvoril \u017eupan Milan Garbrovec, prof.<\/p>\n\n\n\n<p>Fotografije za razstavo so prispevali: Igor Porekar, Miha Kacafura, Amja Pregel, Arme Hodali\u010d, Barbara Greguri\u010d Sili\u010d, Bojan \u0160enet, Bosiljka Ambro\u017e, Janja Cizelj, Branimir Ritonja, Daniel Kodri\u010d, Drago \u0160tefani\u010d, Du\u0161an Mi\u0161ka, Du\u0161an Gaj\u0161ek, Jure Kravanja, Leon Gobec, Mateja Krnc, Milo\u0161 Vojinovi\u0107, Sabina Kos, Taras Poljanec in Teodor Veingerl.<\/p>\n\n\n\n<p>&#8230;ob 13. uri pa bo leto\u0161nja povorka Fa\u0161enka v Markovcih. <\/p>\n\n\n\n<p><\/p>\n","protected":false},"excerpt":{"rendered":"<p>v soboto 22. februarja 2020, ob 11:00 uri v razstavi\u0161\u010du Ob\u010dine Markovci. Razstavo bo sve\u010dano otvoril \u017eupan Milan Garbrovec, prof. Fotografije za razstavo so prispevali: Igor Porekar, Miha Kacafura, Amja Pregel, Arme Hodali\u010d, Barbara Greguri\u010d Sili\u010d, Bojan \u0160enet, Bosiljka Ambro\u017e, Janja Cizelj, Branimir Ritonja, Daniel Kodri\u010d, Drago \u0160tefani\u010d, Du\u0161an Mi\u0161ka, Du\u0161an Gaj\u0161ek, Jure Kravanja, Leon [&hellip;]<\/p>\n","protected":false},"author":2,"featured_media":380,"comment_status":"closed","ping_status":"closed","sticky":false,"template":"","format":"standard","meta":{"footnotes":""},"categories":[3],"tags":[],"class_list":["post-296","post","type-post","status-publish","format-standard","has-post-thumbnail","hentry","category-novice"],"_links":{"self":[{"href":"http:\/\/www.fotoklub-maribor.si\/klub\/wp-json\/wp\/v2\/posts\/296"}],"collection":[{"href":"http:\/\/www.fotoklub-maribor.si\/klub\/wp-json\/wp\/v2\/posts"}],"about":[{"href":"http:\/\/www.fotoklub-maribor.si\/klub\/wp-json\/wp\/v2\/types\/post"}],"author":[{"embeddable":true,"href":"http:\/\/www.fotoklub-maribor.si\/klub\/wp-json\/wp\/v2\/users\/2"}],"replies":[{"embeddable":true,"href":"http:\/\/www.fotoklub-maribor.si\/klub\/wp-json\/wp\/v2\/comments?post=296"}],"version-history":[{"count":4,"href":"http:\/\/www.fotoklub-maribor.si\/klub\/wp-json\/wp\/v2\/posts\/296\/revisions"}],"predecessor-version":[{"id":382,"href":"http:\/\/www.fotoklub-maribor.si\/klub\/wp-json\/wp\/v2\/posts\/296\/revisions\/382"}],"wp:featuredmedia":[{"embeddable":true,"href":"http:\/\/www.fotoklub-maribor.si\/klub\/wp-json\/wp\/v2\/media\/380"}],"wp:attachment":[{"href":"http:\/\/www.fotoklub-maribor.si\/klub\/wp-json\/wp\/v2\/media?parent=296"}],"wp:term":[{"taxonomy":"category","embeddable":true,"href":"http:\/\/www.fotoklub-maribor.si\/klub\/wp-json\/wp\/v2\/categories?post=296"},{"taxonomy":"post_tag","embeddable":true,"href":"http:\/\/www.fotoklub-maribor.si\/klub\/wp-json\/wp\/v2\/tags?post=296"}],"curies":[{"name":"wp","href":"https:\/\/api.w.org\/{rel}","templated":true}]}}