  {"id":301,"date":"2020-02-19T08:26:00","date_gmt":"2020-02-19T08:26:00","guid":{"rendered":"http:\/\/www.fotoklub-maribor.si\/klub\/?p=301"},"modified":"2020-02-02T15:31:53","modified_gmt":"2020-02-02T15:31:53","slug":"sola-fotografije-osnove","status":"publish","type":"post","link":"http:\/\/www.fotoklub-maribor.si\/klub\/2020\/02\/19\/sola-fotografije-osnove\/","title":{"rendered":"\u0160ola fotografije \/ OSNOVE"},"content":{"rendered":"\n<p>\u00bb Spoznaj fotografijo s prakti\u010dnim delom\u00ab<\/p>\n\n\n\n<p>Namen te\u010daja: Te\u010dajnike  seznaniti  z osnovami fotografske teorije in osnovnimi prijemi fotografiranja v ateljeju ( portretna fotografija) in na terenu ( uli\u010dna fotografija, fotografija vedutov Maribora in  akcijska  fotografija).<\/p>\n\n\n\n<p>Trajanje te\u010daja :   20+  \u0161olskih ur razdeljeno  na  5 terminov  po 3 \u0161olske ure  z enim  premorom 15 minut <\/p>\n\n\n\n<p>Datumi  te\u010daja :pri\u010detek  petek 14. februar 2020  do  sobote  7. marec  2020  Kraj te\u010daja : Studio Fotokluba  Maribor, Splavarski prehod 3<\/p>\n\n\n\n<p>Stro\u0161ek  te\u010daja: 80 \u20ac po te\u010dajniku\/prijave na fotodaka@gmail.com  ali 041 897 230<\/p>\n\n\n\n<p>\u0160tevilo udele\u017eencev 12 udele\u017eencev, prakti\u010den del poteka v skupinah po 6 udele\u017eencev<\/p>\n\n\n\n<p>PROGRAM  TE\u010cAJA :    <\/p>\n\n\n\n<p>1.dan, petek 14.2.2020 ob 17:00 uri. Pozdrav in seznanitev z znanjem in \u017eeljami te\u010dajnikov. Spoznajmo svoj fotoaparat ali  fotoaparat na telefonu.  <\/p>\n\n\n\n<p>2.dan, soboto 15.2.2020 ob 9:00 uri, Elementarne tehnike fotografiranja \u2013 spoznavanje osnovnih pojmov fotografije (zaslonka, \u010das in vrednost ISO)<\/p>\n\n\n\n<p>3. dan 22.2.2020, s pri\u010detkom ob 10 uri. Celodnevna delavnica na terenu \/ presene\u010denje<\/p>\n\n\n\n<p>4.dan, 29.2.2020 Portretna fotografija v ateljeju FK MB pod vodstvom mojstra fotografije Branimirja R.                                                       Prikaz kako na enostaven na\u010din narediti bistveno bolj\u0161e portrete v kontroliranem okolju foto ateljeja. <\/p>\n\n\n\n<p>5. dan 7.3.2020, Dogajanje po fotografiranju \u2013 obdelava, shranjevanje, izdelava fotografij, zaklju\u010dek&#8230;<\/p>\n\n\n\n<p><\/p>\n\n\n\n<p><\/p>\n\n\n\n<p><\/p>\n","protected":false},"excerpt":{"rendered":"<p>\u00bb Spoznaj fotografijo s prakti\u010dnim delom\u00ab Namen te\u010daja: Te\u010dajnike seznaniti z osnovami fotografske teorije in osnovnimi prijemi fotografiranja v ateljeju ( portretna fotografija) in na terenu ( uli\u010dna fotografija, fotografija vedutov Maribora in akcijska fotografija). Trajanje te\u010daja : 20+ \u0161olskih ur razdeljeno na 5 terminov po 3 \u0161olske ure z enim premorom 15 minut Datumi [&hellip;]<\/p>\n","protected":false},"author":2,"featured_media":303,"comment_status":"closed","ping_status":"closed","sticky":false,"template":"","format":"standard","meta":{"footnotes":""},"categories":[3],"tags":[],"class_list":["post-301","post","type-post","status-publish","format-standard","has-post-thumbnail","hentry","category-novice"],"_links":{"self":[{"href":"http:\/\/www.fotoklub-maribor.si\/klub\/wp-json\/wp\/v2\/posts\/301"}],"collection":[{"href":"http:\/\/www.fotoklub-maribor.si\/klub\/wp-json\/wp\/v2\/posts"}],"about":[{"href":"http:\/\/www.fotoklub-maribor.si\/klub\/wp-json\/wp\/v2\/types\/post"}],"author":[{"embeddable":true,"href":"http:\/\/www.fotoklub-maribor.si\/klub\/wp-json\/wp\/v2\/users\/2"}],"replies":[{"embeddable":true,"href":"http:\/\/www.fotoklub-maribor.si\/klub\/wp-json\/wp\/v2\/comments?post=301"}],"version-history":[{"count":5,"href":"http:\/\/www.fotoklub-maribor.si\/klub\/wp-json\/wp\/v2\/posts\/301\/revisions"}],"predecessor-version":[{"id":308,"href":"http:\/\/www.fotoklub-maribor.si\/klub\/wp-json\/wp\/v2\/posts\/301\/revisions\/308"}],"wp:featuredmedia":[{"embeddable":true,"href":"http:\/\/www.fotoklub-maribor.si\/klub\/wp-json\/wp\/v2\/media\/303"}],"wp:attachment":[{"href":"http:\/\/www.fotoklub-maribor.si\/klub\/wp-json\/wp\/v2\/media?parent=301"}],"wp:term":[{"taxonomy":"category","embeddable":true,"href":"http:\/\/www.fotoklub-maribor.si\/klub\/wp-json\/wp\/v2\/categories?post=301"},{"taxonomy":"post_tag","embeddable":true,"href":"http:\/\/www.fotoklub-maribor.si\/klub\/wp-json\/wp\/v2\/tags?post=301"}],"curies":[{"name":"wp","href":"https:\/\/api.w.org\/{rel}","templated":true}]}}