  {"id":337,"date":"2020-02-03T14:58:46","date_gmt":"2020-02-03T14:58:46","guid":{"rendered":"http:\/\/www.fotoklub-maribor.si\/klub\/?p=337"},"modified":"2020-02-03T15:00:22","modified_gmt":"2020-02-03T15:00:22","slug":"festival-fotografije-2020","status":"publish","type":"post","link":"http:\/\/www.fotoklub-maribor.si\/klub\/2020\/02\/03\/festival-fotografije-2020\/","title":{"rendered":"FESTIVAL FOTOGRAFIJE 2020"},"content":{"rendered":"\n<p>POVABILO K SODELOVANJU<\/p>\n\n\n\n<p>Spo\u0161tovani,<br>vabljeni k sodelovanju na festivalu fotografije 2020, ki bo letops potekal med 12 in 30 septembrom.<\/p>\n\n\n\n<p><br>Leto\u0161nja tema je&nbsp;telo &nbsp;kot bistvo lastnega obstoja. Ne gre zgolj za materialisti\u010dni vidik bivanja, temve\u010d tudi za odkrivanje pu\u0161\u010danja sledi. Sledi, ki se jih v samoidentifikaciji zaveda posameznik ali skupina kot zapis, oziroma zapu\u0161\u010dina preteklega \u010dasa in tudi kot sledi \u010dlove\u0161tva v zgodbi planeta Zemlje, poimenovane antropocen Bivalni prostor se v zapovedanem egoizmu in egocentrizmu omejuje na majhen teritorij, omejeno ozemlje in sodobne tehnologije neprestano ustvarjajo privid neprestane&nbsp;&nbsp;prisotnosti vseh krajev na zemeljski obli na njenem vsakem kraju. Vtis globalizma je fantazma o potovanju v on\/i\/kraj in zasidranosti v lastno telo tukaj in zdaj.<\/p>\n\n\n\n<p><br>Razstave, projekcije in druge projekte, ki jih nameravate izvesti v \u010dasu festivala fotografije in jih \u017eelite da jih vklju\u010dimo v program festivala na majl:&nbsp;<br><a rel=\"noreferrer noopener\" href=\"mailto:fotogestival.maribor@gmail.com\" target=\"_blank\">fotofestival.maribor@gmail.com<\/a><br>nakjasneje do 1.8 2020 sporo\u010dite:<\/p>\n\n\n\n<p>&#8211; avtor in naslov razstave, projketa, delavnice&#8230;<\/p>\n\n\n\n<p>&#8211; datum otvoritve in \u010das trajanja<\/p>\n\n\n\n<p>&#8211; galerija oz. prizori\u0161\u010de, naslov galerije&#8230;<\/p>\n\n\n\n<p>&#8211; kratek opis razstave, oz. dogodka<\/p>\n\n\n\n<p>&#8211; biografija avtorja&nbsp;<\/p>\n\n\n\n<p>&#8211; tri fotografije&nbsp;<\/p>\n\n\n\n<p><br>Lep pozdrav,<br>Branimir Ritonja<\/p>\n\n\n\n<p><\/p>\n\n\n\n<p><\/p>\n","protected":false},"excerpt":{"rendered":"<p>POVABILO K SODELOVANJU Spo\u0161tovani,vabljeni k sodelovanju na festivalu fotografije 2020, ki bo letops potekal med 12 in 30 septembrom. Leto\u0161nja tema je&nbsp;telo &nbsp;kot bistvo lastnega obstoja. Ne gre zgolj za materialisti\u010dni vidik bivanja, temve\u010d tudi za odkrivanje pu\u0161\u010danja sledi. Sledi, ki se jih v samoidentifikaciji zaveda posameznik ali skupina kot zapis, oziroma zapu\u0161\u010dina preteklega \u010dasa [&hellip;]<\/p>\n","protected":false},"author":2,"featured_media":0,"comment_status":"closed","ping_status":"closed","sticky":false,"template":"","format":"standard","meta":{"footnotes":""},"categories":[3],"tags":[],"class_list":["post-337","post","type-post","status-publish","format-standard","hentry","category-novice"],"_links":{"self":[{"href":"http:\/\/www.fotoklub-maribor.si\/klub\/wp-json\/wp\/v2\/posts\/337"}],"collection":[{"href":"http:\/\/www.fotoklub-maribor.si\/klub\/wp-json\/wp\/v2\/posts"}],"about":[{"href":"http:\/\/www.fotoklub-maribor.si\/klub\/wp-json\/wp\/v2\/types\/post"}],"author":[{"embeddable":true,"href":"http:\/\/www.fotoklub-maribor.si\/klub\/wp-json\/wp\/v2\/users\/2"}],"replies":[{"embeddable":true,"href":"http:\/\/www.fotoklub-maribor.si\/klub\/wp-json\/wp\/v2\/comments?post=337"}],"version-history":[{"count":2,"href":"http:\/\/www.fotoklub-maribor.si\/klub\/wp-json\/wp\/v2\/posts\/337\/revisions"}],"predecessor-version":[{"id":340,"href":"http:\/\/www.fotoklub-maribor.si\/klub\/wp-json\/wp\/v2\/posts\/337\/revisions\/340"}],"wp:attachment":[{"href":"http:\/\/www.fotoklub-maribor.si\/klub\/wp-json\/wp\/v2\/media?parent=337"}],"wp:term":[{"taxonomy":"category","embeddable":true,"href":"http:\/\/www.fotoklub-maribor.si\/klub\/wp-json\/wp\/v2\/categories?post=337"},{"taxonomy":"post_tag","embeddable":true,"href":"http:\/\/www.fotoklub-maribor.si\/klub\/wp-json\/wp\/v2\/tags?post=337"}],"curies":[{"name":"wp","href":"https:\/\/api.w.org\/{rel}","templated":true}]}}