  {"id":349,"date":"2020-02-06T16:30:37","date_gmt":"2020-02-06T16:30:37","guid":{"rendered":"http:\/\/www.fotoklub-maribor.si\/klub\/?p=349"},"modified":"2020-03-13T15:04:13","modified_gmt":"2020-03-13T15:04:13","slug":"razstava-fotokluba-v-deutschlansbergu","status":"publish","type":"post","link":"http:\/\/www.fotoklub-maribor.si\/klub\/2020\/02\/06\/razstava-fotokluba-v-deutschlansbergu\/","title":{"rendered":"Razstava fotokluba v Deutschlansbergu"},"content":{"rendered":"\n<p>23. aprila 2020 se bo<strong> fotoklub maribor<\/strong> predstavil v Mestni galeriji Deutschlandsbergu s kolekcijo fotografij Svetloba in senca. Razstavljalo bo okoli 50 \u010dlanic in \u010dlanov.  <\/p>\n\n\n\n<p>V fotografiji je svetloba-senca tisti preplet, ki nosi precej\u0161njo te\u017eo pomena. Tudi zato, ker kakor radi re\u010demo, fotografija brez svetlobe sploh ne obstaja pa \u0161e ime je dobila po njej. Fotografi, ki so skozi zgodovino svojo pozornost usmerjali predvsem v prikaz tandema svetlo-temno, so kmalu postali znani kot \u00bbklasiki\u00ab, saj gre za motiv, ki je pravzaprav ve\u010den. \u010clovek je podvr\u017een iskanju svetlobe, ki obstaja ravno zato, ker jo definira njeno lastno nasprotje, njen negativni pol \u2013 tema. V tej znani igri med svetlim in temnim se nenehno odvija iskanje ravnovesja, ne i\u0161\u010de ga samo \u010dlovek, temve\u010d tudi narava sama pa tudi oko skozi objektiv fotoaparata. V fotografiji je svetloba-senca tisti preplet, ki nosi precej\u0161njo te\u017eo pomena. Tudi zato, ker kakor radi re\u010demo, fotografija brez svetlobe sploh ne obstaja pa \u0161e ime je dobila po njej. Fotografi, ki so skozi zgodovino svojo pozornost usmerjali predvsem v prikaz tandema svetlo-temno, so kmalu postali znani kot \u00bbklasiki\u00ab, saj gre za motiv, ki je pravzaprav ve\u010den. \u010clovek je podvr\u017een iskanju svetlobe, ki obstaja ravno zato, ker jo definira njeno lastno nasprotje, njen negativni pol \u2013 tema. V tej znani igri med svetlim in temnim se nenehno odvija iskanje ravnovesja, ne i\u0161\u010de ga samo \u010dlovek, temve\u010d tudi narava sama pa tudi oko skozi objektiv fotoaparata.&nbsp;<\/p>\n","protected":false},"excerpt":{"rendered":"<p>23. aprila 2020 se bo fotoklub maribor predstavil v Mestni galeriji Deutschlandsbergu s kolekcijo fotografij Svetloba in senca. Razstavljalo bo okoli 50 \u010dlanic in \u010dlanov. V fotografiji je svetloba-senca tisti preplet, ki nosi precej\u0161njo te\u017eo pomena. Tudi zato, ker kakor radi re\u010demo, fotografija brez svetlobe sploh ne obstaja pa \u0161e ime je dobila po njej. [&hellip;]<\/p>\n","protected":false},"author":2,"featured_media":350,"comment_status":"closed","ping_status":"closed","sticky":false,"template":"","format":"standard","meta":{"footnotes":""},"categories":[3],"tags":[],"class_list":["post-349","post","type-post","status-publish","format-standard","has-post-thumbnail","hentry","category-novice"],"_links":{"self":[{"href":"http:\/\/www.fotoklub-maribor.si\/klub\/wp-json\/wp\/v2\/posts\/349"}],"collection":[{"href":"http:\/\/www.fotoklub-maribor.si\/klub\/wp-json\/wp\/v2\/posts"}],"about":[{"href":"http:\/\/www.fotoklub-maribor.si\/klub\/wp-json\/wp\/v2\/types\/post"}],"author":[{"embeddable":true,"href":"http:\/\/www.fotoklub-maribor.si\/klub\/wp-json\/wp\/v2\/users\/2"}],"replies":[{"embeddable":true,"href":"http:\/\/www.fotoklub-maribor.si\/klub\/wp-json\/wp\/v2\/comments?post=349"}],"version-history":[{"count":4,"href":"http:\/\/www.fotoklub-maribor.si\/klub\/wp-json\/wp\/v2\/posts\/349\/revisions"}],"predecessor-version":[{"id":364,"href":"http:\/\/www.fotoklub-maribor.si\/klub\/wp-json\/wp\/v2\/posts\/349\/revisions\/364"}],"wp:featuredmedia":[{"embeddable":true,"href":"http:\/\/www.fotoklub-maribor.si\/klub\/wp-json\/wp\/v2\/media\/350"}],"wp:attachment":[{"href":"http:\/\/www.fotoklub-maribor.si\/klub\/wp-json\/wp\/v2\/media?parent=349"}],"wp:term":[{"taxonomy":"category","embeddable":true,"href":"http:\/\/www.fotoklub-maribor.si\/klub\/wp-json\/wp\/v2\/categories?post=349"},{"taxonomy":"post_tag","embeddable":true,"href":"http:\/\/www.fotoklub-maribor.si\/klub\/wp-json\/wp\/v2\/tags?post=349"}],"curies":[{"name":"wp","href":"https:\/\/api.w.org\/{rel}","templated":true}]}}