  {"id":366,"date":"2020-02-12T10:28:00","date_gmt":"2020-02-12T10:28:00","guid":{"rendered":"http:\/\/www.fotoklub-maribor.si\/klub\/?p=366"},"modified":"2020-02-12T10:30:12","modified_gmt":"2020-02-12T10:30:12","slug":"nagrajenci-fotokluba","status":"publish","type":"post","link":"http:\/\/www.fotoklub-maribor.si\/klub\/2020\/02\/12\/nagrajenci-fotokluba\/","title":{"rendered":"Nagrajenci Fotokluba"},"content":{"rendered":"\n<p>Na prvi leto\u0161nji razstavi v Fotogaleriji stolp razstavljajo trije perspektivni \u010dlani kluba, Bojan Hajdu, Janja Cizelj in Anja Cigalu, ki so v letu 2018 za svoje fotografije prejeli klubske nagrade.Bojan Hajdu je \u017ee od nekdaj rad eksperimentiral na podro\u010dju grafike in fotografije, s katero se intenzivneje ukvarja zadnja \u0161tiri leta. Do sedaj je imel dve samostojni in \u0161est skupinskih razstav, leta 2018 pa je prejel srebrno nagrado za ustvarjen fotografski diptih. Na tokratni razstavi nam predstavi cikel Eva, na fotografije pa je odel dele telesa, odete v intenzivne barve tatujev.Janja Cizelj se ukvarja s fotografijo \u017ee pribli\u017eno 30 let, v okviru Fotokluba Maribor pa je sodelovala \u017ee na ve\u010d skupinskih razstavah, tako v tujini kot doma. V sklopu Festivala fotografije je imela samostojno predstavo, v letu 2018 pa je s strani komisije Fotokluba Maribor prejela zlato priznanje. Na tej razstavi je prikazan sklop Narava skozi moje o\u010di, fotografije so nastale v Mariboru in okolici, ustvarjene so pa v tehniki panninga. Avtorica se je posve\u010dala barvno harmoni\u010dnim kontrastom in skladnosti.Anja Cigala je sicer magistrica gradbeni\u0161tva, a se je z oblikovanjem, fotografij in letakov, ukvarjala \u017ee v srednji \u0161olo. S fotografijo se je za\u010dela intenzivneje ukvarjati v letu 2016, zadnja tri leta pa je sodelovala na klubskih razstavah, kjer je leta 2018 prejela posebno nagrado kluba Pravi, da fotografira vse, kar se ji zdi atraktivno, to se odra\u017ea tudi na razstavljenih fotografijah, ciklu Slikarjev dan.&nbsp;Razstavo si lahko v Fotogaleriji Stolp ogledate vse do 12. marca od torka do petka med 16. in 18. uro in v soboto med 10. in 12. uro.<\/p>\n\n\n\n<p><strong>Nagrajenci Fotokluba 2018 na ogled v Fotogaleriji Stolp<\/strong><\/p>\n\n\n\n<p>Na prvi leto\u0161nji razstavi v Fotogaleriji stolp razstavljajo trije perspektivni \u010dlani kluba, Bojan Hajdu, Janja Cizelj in Anja Cigalu, ki so v letu 2018 za svoje fotografije prejeli klubske nagrade.<br>Bojan Hajdu je \u017ee od nekdaj rad eksperimentiral na podro\u010dju grafike in fotografije, s katero se intenzivneje ukvarja zadnja \u0161tiri leta. Do sedaj je imel dve samostojni in \u0161est skupinskih razstav, leta 2018 pa je prejel srebrno nagrado za ustvarjen fotografski diptih. Na tokratni razstavi nam predstavi cikel Eva, na fotografije pa je odel dele telesa, odete v intenzivne barve tatujev.<br>Janja Cizelj se ukvarja s fotografijo \u017ee pribli\u017eno 30 let, v okviru Fotokluba Maribor pa je sodelovala \u017ee na ve\u010d skupinskih razstavah, tako v tujini kot doma. V sklopu Festivala fotografije je imela samostojno predstavo, v letu 2018 pa je s strani komisije Fotokluba Maribor prejela zlato priznanje. Na tej razstavi je prikazan sklop Narava skozi moje o\u010di, fotografije so nastale v Mariboru in okolici, ustvarjene so pa v tehniki panninga. Avtorica se je posve\u010dala barvno harmoni\u010dnim kontrastom in skladnosti.<br>Anja Cigala je sicer magistrica gradbeni\u0161tva, a se je z oblikovanjem, fotografij in letakov, ukvarjala \u017ee v srednji \u0161olo. S fotografijo se je za\u010dela intenzivneje ukvarjati v letu 2016, zadnja tri leta pa je sodelovala na klubskih razstavah, kjer je leta 2018 prejela posebno nagrado kluba Pravi, da fotografira vse, kar se ji zdi atraktivno, to se odra\u017ea tudi na razstavljenih fotografijah, ciklu Slikarjev dan.&nbsp;<\/p>\n\n\n\n<p><\/p>\n\n\n\n<p>Razstavo si lahko v Fotogaleriji Stolp ogledate vse do 12. marca od torka do petka med 16. in 18. uro in v soboto med 10. in 12. uro.<\/p>\n\n\n\n<p>Foto: Janja Cizej<\/p>\n","protected":false},"excerpt":{"rendered":"<p>Na prvi leto\u0161nji razstavi v Fotogaleriji stolp razstavljajo trije perspektivni \u010dlani kluba, Bojan Hajdu, Janja Cizelj in Anja Cigalu, ki so v letu 2018 za svoje fotografije prejeli klubske nagrade.Bojan Hajdu je \u017ee od nekdaj rad eksperimentiral na podro\u010dju grafike in fotografije, s katero se intenzivneje ukvarja zadnja \u0161tiri leta. Do sedaj je imel dve [&hellip;]<\/p>\n","protected":false},"author":3,"featured_media":367,"comment_status":"closed","ping_status":"closed","sticky":false,"template":"","format":"standard","meta":{"footnotes":""},"categories":[3],"tags":[],"class_list":["post-366","post","type-post","status-publish","format-standard","has-post-thumbnail","hentry","category-novice"],"_links":{"self":[{"href":"http:\/\/www.fotoklub-maribor.si\/klub\/wp-json\/wp\/v2\/posts\/366"}],"collection":[{"href":"http:\/\/www.fotoklub-maribor.si\/klub\/wp-json\/wp\/v2\/posts"}],"about":[{"href":"http:\/\/www.fotoklub-maribor.si\/klub\/wp-json\/wp\/v2\/types\/post"}],"author":[{"embeddable":true,"href":"http:\/\/www.fotoklub-maribor.si\/klub\/wp-json\/wp\/v2\/users\/3"}],"replies":[{"embeddable":true,"href":"http:\/\/www.fotoklub-maribor.si\/klub\/wp-json\/wp\/v2\/comments?post=366"}],"version-history":[{"count":6,"href":"http:\/\/www.fotoklub-maribor.si\/klub\/wp-json\/wp\/v2\/posts\/366\/revisions"}],"predecessor-version":[{"id":374,"href":"http:\/\/www.fotoklub-maribor.si\/klub\/wp-json\/wp\/v2\/posts\/366\/revisions\/374"}],"wp:featuredmedia":[{"embeddable":true,"href":"http:\/\/www.fotoklub-maribor.si\/klub\/wp-json\/wp\/v2\/media\/367"}],"wp:attachment":[{"href":"http:\/\/www.fotoklub-maribor.si\/klub\/wp-json\/wp\/v2\/media?parent=366"}],"wp:term":[{"taxonomy":"category","embeddable":true,"href":"http:\/\/www.fotoklub-maribor.si\/klub\/wp-json\/wp\/v2\/categories?post=366"},{"taxonomy":"post_tag","embeddable":true,"href":"http:\/\/www.fotoklub-maribor.si\/klub\/wp-json\/wp\/v2\/tags?post=366"}],"curies":[{"name":"wp","href":"https:\/\/api.w.org\/{rel}","templated":true}]}}