  {"id":398,"date":"2020-03-10T05:02:00","date_gmt":"2020-03-10T05:02:00","guid":{"rendered":"http:\/\/www.fotoklub-maribor.si\/klub\/?p=398"},"modified":"2020-03-26T11:35:47","modified_gmt":"2020-03-26T11:35:47","slug":"zbor-clanov-fotokluba-maribor","status":"publish","type":"post","link":"http:\/\/www.fotoklub-maribor.si\/klub\/2020\/03\/10\/zbor-clanov-fotokluba-maribor\/","title":{"rendered":"Zbor \u010dlanov fotokluba Maribor"},"content":{"rendered":"\n<p>zaradi nastalih razmer, za danes napovedan zbor \u010dlanov odpade, oz. je prestavljen na kasjenj\u0161i \u010das.. <\/p>\n\n\n\n<p><a href=\"http:\/\/www.fotoklub-maribor.si\/klub\/wp-content\/uploads\/sites\/2\/2020\/03\/Program-dela-kluba-za-2020.pdf\">Program 2020<\/a><\/p>\n\n\n\n<p><a href=\"http:\/\/www.fotoklub-maribor.si\/klub\/wp-content\/uploads\/sites\/2\/2020\/03\/poro\u010dilo-o-delu-kluba-za-2019_web.pdf\">Poro\u010dilo za 2019<\/a><\/p>\n","protected":false},"excerpt":{"rendered":"<p>zaradi nastalih razmer, za danes napovedan zbor \u010dlanov odpade, oz. je prestavljen na kasjenj\u0161i \u010das.. Program 2020 Poro\u010dilo za 2019<\/p>\n","protected":false},"author":2,"featured_media":0,"comment_status":"closed","ping_status":"closed","sticky":false,"template":"","format":"standard","meta":{"footnotes":""},"categories":[3],"tags":[],"class_list":["post-398","post","type-post","status-publish","format-standard","hentry","category-novice"],"_links":{"self":[{"href":"http:\/\/www.fotoklub-maribor.si\/klub\/wp-json\/wp\/v2\/posts\/398"}],"collection":[{"href":"http:\/\/www.fotoklub-maribor.si\/klub\/wp-json\/wp\/v2\/posts"}],"about":[{"href":"http:\/\/www.fotoklub-maribor.si\/klub\/wp-json\/wp\/v2\/types\/post"}],"author":[{"embeddable":true,"href":"http:\/\/www.fotoklub-maribor.si\/klub\/wp-json\/wp\/v2\/users\/2"}],"replies":[{"embeddable":true,"href":"http:\/\/www.fotoklub-maribor.si\/klub\/wp-json\/wp\/v2\/comments?post=398"}],"version-history":[{"count":4,"href":"http:\/\/www.fotoklub-maribor.si\/klub\/wp-json\/wp\/v2\/posts\/398\/revisions"}],"predecessor-version":[{"id":441,"href":"http:\/\/www.fotoklub-maribor.si\/klub\/wp-json\/wp\/v2\/posts\/398\/revisions\/441"}],"wp:attachment":[{"href":"http:\/\/www.fotoklub-maribor.si\/klub\/wp-json\/wp\/v2\/media?parent=398"}],"wp:term":[{"taxonomy":"category","embeddable":true,"href":"http:\/\/www.fotoklub-maribor.si\/klub\/wp-json\/wp\/v2\/categories?post=398"},{"taxonomy":"post_tag","embeddable":true,"href":"http:\/\/www.fotoklub-maribor.si\/klub\/wp-json\/wp\/v2\/tags?post=398"}],"curies":[{"name":"wp","href":"https:\/\/api.w.org\/{rel}","templated":true}]}}