  {"id":423,"date":"2020-03-13T15:03:11","date_gmt":"2020-03-13T15:03:11","guid":{"rendered":"http:\/\/www.fotoklub-maribor.si\/klub\/?p=423"},"modified":"2020-04-14T06:54:59","modified_gmt":"2020-04-14T06:54:59","slug":"pomebno-obvestilo","status":"publish","type":"post","link":"http:\/\/www.fotoklub-maribor.si\/klub\/2020\/03\/13\/pomebno-obvestilo\/","title":{"rendered":"Spremljate &#8220;online&#8221; prireditve"},"content":{"rendered":"\n<p>Dragi ljubitelji fotografije, kolegi, \u010dlani fotokluba maribor in prijatelji!<\/p>\n\n\n\n<p>V \u010dasu pandemije CORONA-19 virusa, ko se vsi bolj ali manj dr\u017eimo doma, da prepre\u010dimo oku\u017ebo, imamo \u010das, da naredimo inventuro za nazaj, pregledamo arhive jih uredimo.<\/p>\n\n\n\n<p>V klubu smo se lotili projekta UMETNOST IZ FOTELJA, v okviru le taga pripravljamo spletne razstave v obliki video projekcij. Na ogled so na youtubu povezave do njih najdete na teh straneh. <\/p>\n\n\n\n<p>Lepo vas pozdravljamo in zdravi ostanite,<\/p>\n\n\n\n<p>Branimir Ritonjapredsednik Fotokluba Maribor<\/p>\n\n\n\n<p><\/p>\n","protected":false},"excerpt":{"rendered":"<p>Dragi ljubitelji fotografije, kolegi, \u010dlani fotokluba maribor in prijatelji! V \u010dasu pandemije CORONA-19 virusa, ko se vsi bolj ali manj dr\u017eimo doma, da prepre\u010dimo oku\u017ebo, imamo \u010das, da naredimo inventuro za nazaj, pregledamo arhive jih uredimo. V klubu smo se lotili projekta UMETNOST IZ FOTELJA, v okviru le taga pripravljamo spletne razstave v obliki video [&hellip;]<\/p>\n","protected":false},"author":2,"featured_media":0,"comment_status":"closed","ping_status":"closed","sticky":false,"template":"","format":"standard","meta":{"footnotes":""},"categories":[3],"tags":[],"class_list":["post-423","post","type-post","status-publish","format-standard","hentry","category-novice"],"_links":{"self":[{"href":"http:\/\/www.fotoklub-maribor.si\/klub\/wp-json\/wp\/v2\/posts\/423"}],"collection":[{"href":"http:\/\/www.fotoklub-maribor.si\/klub\/wp-json\/wp\/v2\/posts"}],"about":[{"href":"http:\/\/www.fotoklub-maribor.si\/klub\/wp-json\/wp\/v2\/types\/post"}],"author":[{"embeddable":true,"href":"http:\/\/www.fotoklub-maribor.si\/klub\/wp-json\/wp\/v2\/users\/2"}],"replies":[{"embeddable":true,"href":"http:\/\/www.fotoklub-maribor.si\/klub\/wp-json\/wp\/v2\/comments?post=423"}],"version-history":[{"count":2,"href":"http:\/\/www.fotoklub-maribor.si\/klub\/wp-json\/wp\/v2\/posts\/423\/revisions"}],"predecessor-version":[{"id":524,"href":"http:\/\/www.fotoklub-maribor.si\/klub\/wp-json\/wp\/v2\/posts\/423\/revisions\/524"}],"wp:attachment":[{"href":"http:\/\/www.fotoklub-maribor.si\/klub\/wp-json\/wp\/v2\/media?parent=423"}],"wp:term":[{"taxonomy":"category","embeddable":true,"href":"http:\/\/www.fotoklub-maribor.si\/klub\/wp-json\/wp\/v2\/categories?post=423"},{"taxonomy":"post_tag","embeddable":true,"href":"http:\/\/www.fotoklub-maribor.si\/klub\/wp-json\/wp\/v2\/tags?post=423"}],"curies":[{"name":"wp","href":"https:\/\/api.w.org\/{rel}","templated":true}]}}