  {"id":425,"date":"2020-03-25T12:01:19","date_gmt":"2020-03-25T12:01:19","guid":{"rendered":"http:\/\/www.fotoklub-maribor.si\/klub\/?p=425"},"modified":"2020-03-25T12:07:11","modified_gmt":"2020-03-25T12:07:11","slug":"joze-marinic-bilbao-santiago-camino-2018","status":"publish","type":"post","link":"http:\/\/www.fotoklub-maribor.si\/klub\/2020\/03\/25\/joze-marinic-bilbao-santiago-camino-2018\/","title":{"rendered":"Jo\u017ee Marini\u010d:  Bilbao Santiago Camino, 2018"},"content":{"rendered":"\n<p>Virtualna razstava: <a href=\"https:\/\/youtu.be\/jMabasuWFHM\">Video<\/a><\/p>\n\n\n\n<p><iframe loading=\"lazy\" title=\"Jo\u017ee Marini\u010d: Bilbao Santiago Camino, 2018\" width=\"500\" height=\"281\" src=\"https:\/\/www.youtube.com\/embed\/jMabasuWFHM?feature=oembed\" frameborder=\"0\" allow=\"accelerometer; autoplay; clipboard-write; encrypted-media; gyroscope; picture-in-picture; web-share\" referrerpolicy=\"strict-origin-when-cross-origin\" allowfullscreen><\/iframe><\/p>\n\n\n\n<p>Po romaski poti Bilbao Santiago Camino, 2018<\/p>\n\n\n\n<p>Fotografije: Jo\u017ee Marini\u010d<\/p>\n\n\n\n<p>Monta\u017ea Branimir Ritonja<\/p>\n\n\n\n<p>Music: <a rel=\"noreferrer noopener\" href=\"https:\/\/www.youtube.com\/redirect?redir_token=4k7Yqc-EuJ3baWX2hUQQBI4Disl8MTU4NTIyNDI1MUAxNTg1MTM3ODUx&amp;q=https%3A%2F%2Fwww.bensound.com&amp;v=jMabasuWFHM&amp;event=video_description\" target=\"_blank\">https:\/\/www.bensound.com<\/a> FREE License with Attribution<\/p>\n","protected":false},"excerpt":{"rendered":"<p>Virtualna razstava: Video Po romaski poti Bilbao Santiago Camino, 2018 Fotografije: Jo\u017ee Marini\u010d Monta\u017ea Branimir Ritonja Music: https:\/\/www.bensound.com FREE License with Attribution<\/p>\n","protected":false},"author":2,"featured_media":426,"comment_status":"closed","ping_status":"closed","sticky":false,"template":"","format":"standard","meta":{"footnotes":""},"categories":[3],"tags":[],"class_list":["post-425","post","type-post","status-publish","format-standard","has-post-thumbnail","hentry","category-novice"],"_links":{"self":[{"href":"http:\/\/www.fotoklub-maribor.si\/klub\/wp-json\/wp\/v2\/posts\/425"}],"collection":[{"href":"http:\/\/www.fotoklub-maribor.si\/klub\/wp-json\/wp\/v2\/posts"}],"about":[{"href":"http:\/\/www.fotoklub-maribor.si\/klub\/wp-json\/wp\/v2\/types\/post"}],"author":[{"embeddable":true,"href":"http:\/\/www.fotoklub-maribor.si\/klub\/wp-json\/wp\/v2\/users\/2"}],"replies":[{"embeddable":true,"href":"http:\/\/www.fotoklub-maribor.si\/klub\/wp-json\/wp\/v2\/comments?post=425"}],"version-history":[{"count":3,"href":"http:\/\/www.fotoklub-maribor.si\/klub\/wp-json\/wp\/v2\/posts\/425\/revisions"}],"predecessor-version":[{"id":429,"href":"http:\/\/www.fotoklub-maribor.si\/klub\/wp-json\/wp\/v2\/posts\/425\/revisions\/429"}],"wp:featuredmedia":[{"embeddable":true,"href":"http:\/\/www.fotoklub-maribor.si\/klub\/wp-json\/wp\/v2\/media\/426"}],"wp:attachment":[{"href":"http:\/\/www.fotoklub-maribor.si\/klub\/wp-json\/wp\/v2\/media?parent=425"}],"wp:term":[{"taxonomy":"category","embeddable":true,"href":"http:\/\/www.fotoklub-maribor.si\/klub\/wp-json\/wp\/v2\/categories?post=425"},{"taxonomy":"post_tag","embeddable":true,"href":"http:\/\/www.fotoklub-maribor.si\/klub\/wp-json\/wp\/v2\/tags?post=425"}],"curies":[{"name":"wp","href":"https:\/\/api.w.org\/{rel}","templated":true}]}}