  {"id":469,"date":"2020-04-02T15:01:47","date_gmt":"2020-04-02T15:01:47","guid":{"rendered":"http:\/\/www.fotoklub-maribor.si\/klub\/?p=469"},"modified":"2020-04-02T15:01:50","modified_gmt":"2020-04-02T15:01:50","slug":"imre-szabo-photography","status":"publish","type":"post","link":"http:\/\/www.fotoklub-maribor.si\/klub\/2020\/04\/02\/imre-szabo-photography\/","title":{"rendered":"Imre Szab\u00f3 photography"},"content":{"rendered":"\n<p><a href=\"https:\/\/youtu.be\/dCwDoPdQFTA\">PROJEKCIJA<\/a><\/p>\n\n\n\n<p>Imre Szab\u00f3 ne deluje kot fotoreporter, ampak kot pri\u010da \u010dasa, ki iz svoje perspektive in voden z osebno intuicijo na malo globlji in kompleksnej\u0161i na\u010din bele\u017ei \u017eivljenjske okoli\u0161\u010dine prostora in situacij, v katerih se je zna\u0161el. V prvem planu njegovih dru\u017ebeno anga\u017eiranih fotografij so predvsem ljudje in groteska estetike nacionalnih delitev v nastajanju, ki pa so neizprosno vodile v globino konflikta.<\/p>\n\n\n\n<p>Fotografije: Imre Szab\u00f3<\/p>\n\n\n\n<p>Monta\u017ea in grafika: Branimir Ritonja<\/p>\n\n\n\n<p>Glasba: https:\/\/taketones.com<\/p>\n\n\n\n<p>Produkcija: fotoklub maribor<\/p>\n\n\n\n<p>Maribor, april 2020 <\/p>\n","protected":false},"excerpt":{"rendered":"<p>PROJEKCIJA Imre Szab\u00f3 ne deluje kot fotoreporter, ampak kot pri\u010da \u010dasa, ki iz svoje perspektive in voden z osebno intuicijo na malo globlji in kompleksnej\u0161i na\u010din bele\u017ei \u017eivljenjske okoli\u0161\u010dine prostora in situacij, v katerih se je zna\u0161el. V prvem planu njegovih dru\u017ebeno anga\u017eiranih fotografij so predvsem ljudje in groteska estetike nacionalnih delitev v nastajanju, ki [&hellip;]<\/p>\n","protected":false},"author":2,"featured_media":470,"comment_status":"closed","ping_status":"closed","sticky":false,"template":"","format":"standard","meta":{"footnotes":""},"categories":[3],"tags":[],"class_list":["post-469","post","type-post","status-publish","format-standard","has-post-thumbnail","hentry","category-novice"],"_links":{"self":[{"href":"http:\/\/www.fotoklub-maribor.si\/klub\/wp-json\/wp\/v2\/posts\/469"}],"collection":[{"href":"http:\/\/www.fotoklub-maribor.si\/klub\/wp-json\/wp\/v2\/posts"}],"about":[{"href":"http:\/\/www.fotoklub-maribor.si\/klub\/wp-json\/wp\/v2\/types\/post"}],"author":[{"embeddable":true,"href":"http:\/\/www.fotoklub-maribor.si\/klub\/wp-json\/wp\/v2\/users\/2"}],"replies":[{"embeddable":true,"href":"http:\/\/www.fotoklub-maribor.si\/klub\/wp-json\/wp\/v2\/comments?post=469"}],"version-history":[{"count":1,"href":"http:\/\/www.fotoklub-maribor.si\/klub\/wp-json\/wp\/v2\/posts\/469\/revisions"}],"predecessor-version":[{"id":471,"href":"http:\/\/www.fotoklub-maribor.si\/klub\/wp-json\/wp\/v2\/posts\/469\/revisions\/471"}],"wp:featuredmedia":[{"embeddable":true,"href":"http:\/\/www.fotoklub-maribor.si\/klub\/wp-json\/wp\/v2\/media\/470"}],"wp:attachment":[{"href":"http:\/\/www.fotoklub-maribor.si\/klub\/wp-json\/wp\/v2\/media?parent=469"}],"wp:term":[{"taxonomy":"category","embeddable":true,"href":"http:\/\/www.fotoklub-maribor.si\/klub\/wp-json\/wp\/v2\/categories?post=469"},{"taxonomy":"post_tag","embeddable":true,"href":"http:\/\/www.fotoklub-maribor.si\/klub\/wp-json\/wp\/v2\/tags?post=469"}],"curies":[{"name":"wp","href":"https:\/\/api.w.org\/{rel}","templated":true}]}}