  {"id":82,"date":"2019-11-10T13:36:00","date_gmt":"2019-11-10T13:36:00","guid":{"rendered":"http:\/\/www.fotoklub-maribor.si\/klub\/?p=82"},"modified":"2019-12-30T15:12:20","modified_gmt":"2019-12-30T15:12:20","slug":"letna-razstava-fk-maribor-2019","status":"publish","type":"post","link":"http:\/\/www.fotoklub-maribor.si\/klub\/2019\/11\/10\/letna-razstava-fk-maribor-2019\/","title":{"rendered":"LETNA RAZSTAVA FK MARIBOR 2019"},"content":{"rendered":"<div>\n<p><strong>OTVORITEV BO 11.12.2019 OB 18:00 URI.<\/strong><\/p>\n<p><strong>Letna pregledna razstava \u010dlanic in \u010dlanov fotokluba maribor 2019<\/strong><\/p>\n<p>TEMA: MINIMALIZEM<\/p>\n<p><strong>Rok: 1.11.2019<\/strong><\/p>\n<p>Tehni\u010dni pogoji: Vsak \u010dlan lahko sodeluje s po najve\u010d 3 deli. \u00a0Velikost posamezne fotografije naj ne bodo manj\u0161e od<strong>\u00a030 x 30 in ne ve\u010dje od 30 x 45 cm, 300<\/strong>\u00a0dpi v jpg\u00a0formatu, kvaliteta 9. Vsaka datoteka oz. digitalna fotografija mora biti poimenovana: ime in priimek avtorja ter naslov fotografije, npr. janez_kovac_senca1\/janez_kovac_senca2.<\/p>\n<p>Poleg fotografije po\u0161ljite \u0161e kratko\u00a0foto biografija avtorja, ki naj zajema: od kdaj se ukvarja s fotografijo, \u0161tevilo samostojnih in skupinskih razstav (izpostavit tri), nagrade (vrsta in kje), s kak\u0161no zvrstjo fotografije se ukvarja (narava, pokrajina, portret, akt&#8230;), po \u017eelji \u0161e kaj.<\/p>\n<p>Umetni\u0161ki svet FK Maribor bo naredil izbor (SELKECIJO) \u00a050 &#8211; 60 del. Odlo\u010ditev US je\u00a0je dokon\u010dna in zoper njeno odlo\u010ditev ni prito\u017ebe.<\/p>\n<p>Fotografije po\u0161ljite na email: kolekcija.fkmb@gmail.com\u00a0zadeva: minimalizem<\/p>\n<p>Sodelujo\u010di dovolijo objavo fotografij, imena, priimka ter kraja bivanja na spletnih straneh in dru\u017ebenih omre\u017ejih organizatorja, v tiskanih in elektronskih medijih. namenjenih promociji razstave.<\/p>\n<div class=\"page\" title=\"Page 4\">\n<div class=\"layoutArea\">\n<div class=\"column\">\n<p>Avtor fotografij jam\u010di, da je delo njegova avtorska stvaritev, da na njem ne obstajajo pravice tretjih oseb in da z njimi niso kr\u0161ene katerekoli druge pravice.<\/p>\n<\/div>\n<\/div>\n<\/div>\n<p>Sodelujo\u010di avtor se strinja s pogoji razpisa. Avtor dela, ki niso v skladu z razpisnimi pogoji, bo pozvan k popravku ziroma dopolnitivi.<\/p>\n<p><img loading=\"lazy\" decoding=\"async\" src=\"https:\/\/fotoklubmaribor.webnode.com\/_files\/200007445-14f6115efe\/a31c62847cb1d7f608ba7de57cafabf3.jpg\" alt=\"\" width=\"564\" height=\"752\" \/><img loading=\"lazy\" decoding=\"async\" src=\"https:\/\/fotoklubmaribor.webnode.com\/_files\/200007446-c4bd9c5b87\/Candy-Colored-Minimalism-Photography-8.jpg\" alt=\"\" width=\"640\" height=\"640\" \/><\/p>\n<\/div>\n","protected":false},"excerpt":{"rendered":"<p>OTVORITEV BO 11.12.2019 OB 18:00 URI. Letna pregledna razstava \u010dlanic in \u010dlanov fotokluba maribor 2019 TEMA: MINIMALIZEM Rok: 1.11.2019 Tehni\u010dni pogoji: Vsak \u010dlan lahko sodeluje s po najve\u010d 3 deli. \u00a0Velikost posamezne fotografije naj ne bodo manj\u0161e od\u00a030 x 30 in ne ve\u010dje od 30 x 45 cm, 300\u00a0dpi v jpg\u00a0formatu, kvaliteta 9. Vsaka datoteka [&hellip;]<\/p>\n","protected":false},"author":1,"featured_media":0,"comment_status":"closed","ping_status":"closed","sticky":false,"template":"","format":"standard","meta":{"footnotes":""},"categories":[3],"tags":[],"class_list":["post-82","post","type-post","status-publish","format-standard","hentry","category-novice"],"_links":{"self":[{"href":"http:\/\/www.fotoklub-maribor.si\/klub\/wp-json\/wp\/v2\/posts\/82"}],"collection":[{"href":"http:\/\/www.fotoklub-maribor.si\/klub\/wp-json\/wp\/v2\/posts"}],"about":[{"href":"http:\/\/www.fotoklub-maribor.si\/klub\/wp-json\/wp\/v2\/types\/post"}],"author":[{"embeddable":true,"href":"http:\/\/www.fotoklub-maribor.si\/klub\/wp-json\/wp\/v2\/users\/1"}],"replies":[{"embeddable":true,"href":"http:\/\/www.fotoklub-maribor.si\/klub\/wp-json\/wp\/v2\/comments?post=82"}],"version-history":[{"count":4,"href":"http:\/\/www.fotoklub-maribor.si\/klub\/wp-json\/wp\/v2\/posts\/82\/revisions"}],"predecessor-version":[{"id":223,"href":"http:\/\/www.fotoklub-maribor.si\/klub\/wp-json\/wp\/v2\/posts\/82\/revisions\/223"}],"wp:attachment":[{"href":"http:\/\/www.fotoklub-maribor.si\/klub\/wp-json\/wp\/v2\/media?parent=82"}],"wp:term":[{"taxonomy":"category","embeddable":true,"href":"http:\/\/www.fotoklub-maribor.si\/klub\/wp-json\/wp\/v2\/categories?post=82"},{"taxonomy":"post_tag","embeddable":true,"href":"http:\/\/www.fotoklub-maribor.si\/klub\/wp-json\/wp\/v2\/tags?post=82"}],"curies":[{"name":"wp","href":"https:\/\/api.w.org\/{rel}","templated":true}]}}